{"id":6287,"date":"2026-04-26T13:12:09","date_gmt":"2026-04-26T11:12:09","guid":{"rendered":"https:\/\/milosierdzienagorki.pl\/?p=6287"},"modified":"2026-04-26T13:12:09","modified_gmt":"2026-04-26T11:12:09","slug":"ogloszenia-26-04-2026r","status":"publish","type":"post","link":"https:\/\/milosierdzienagorki.pl\/?p=6287","title":{"rendered":"OG\u0141OSZENIA &#8211; 26.04.2026r."},"content":{"rendered":"\n<p class=\"has-text-align-center has-vivid-red-color has-text-color\"><strong>OG\u0141OSZENIA PARAFIALNE 26.04.2026 r.<\/strong><\/p>\n\n\n\n<p class=\"has-text-align-center has-vivid-red-color has-text-color\"><strong>IV Niedziela po Wielkanocy \u2013<br>NIEDZIELA DOBREGO PASTERZA<\/strong><\/p>\n\n\n\n<ol type=\"1\" start=\"1\">\n<li>Dzisiejsza Niedziela nazywana Niedziel\u0105 Dobrego Pasterza rozpoczyna w Ko\u015bciele tydzie\u0144 modlitw o powo\u0142ania kap\u0142a\u0144skie i do \u017cycia konsekrowanego<\/li>\n<\/ol>\n\n\n\n<ol type=\"1\" start=\"2\">\n<li>Dzi\u015b o godz. 18.00, jak w ka\u017cd\u0105 ostatni\u0105 niedziel\u0119 miesi\u0105ca, zostanie odprawiona Msza \u015bwi\u0119ta zbiorowa w intencji zmar\u0142ych, kt\u00f3rzy odeszli w miesi\u0105cu kwietniu. Intencje mo\u017cna sk\u0142ada\u0107 w zakrystii.<\/li>\n<\/ol>\n\n\n\n<ol type=\"1\" start=\"3\">\n<li>Tak\u017ce dzi\u015b po wieczornej Mszy \u015bwi\u0119tej zapraszamy na kolejny Wiecz\u00f3r Uwielbienia, adoracj\u0119 Naj\u015bwi\u0119tszego Sakramentu.<\/li>\n<\/ol>\n\n\n\n<ol type=\"1\" start=\"4\">\n<li>Dzi\u015b po Mszy \u015bwi\u0119tej o godz. 12.00 zapraszamy na Wielkanocny koncert ch\u00f3ru parafialnego \u201eMisericordia Dei\u201d pod dyrekcj\u0105 Pani Alicji Kucharzewskiej \u2013 Samko.&nbsp;<\/li>\n<\/ol>\n\n\n\n<ol type=\"1\" start=\"5\">\n<li>W najbli\u017cszy czwartek przezywa\u0107 b\u0119dziemy pierwszy czwartek miesi\u0105ca. Tego dnia wierni \u015bwieccy, jak co miesi\u0105c, podejm\u0105 czuwanie modlitewne w Kaplicy Adoracji od godz. 23.00 do 24.00 modl\u0105c si\u0119 o u\u015bwi\u0119cenie kap\u0142an\u00f3w oraz w intencji rodzin.<\/li>\n<\/ol>\n\n\n\n<ol type=\"1\" start=\"6\">\n<li>W tym tygodniu rozpocznie si\u0119 miesi\u0105c maj, szczeg\u00f3lnie po\u015bwi\u0119cony Matce Bo\u017cej. Od najbli\u017cszego pi\u0105tku zapraszamy codziennie na Nabo\u017ce\u0144stwa Majowe o godz. 17.00.<\/li>\n<\/ol>\n\n\n\n<ol type=\"1\" start=\"7\">\n<li>W ten pi\u0105tek przypada pierwszy pi\u0105tek miesi\u0105ca. Zwyczajowo odwiedzimy chorych w ich domach z pos\u0142ug\u0105 sakramentaln\u0105. Mo\u017cliwo\u015b\u0107 skorzystania z Sakramentu Pokuty i Pojednania podczas ka\u017cdej Mszy \u015bwi\u0119tej.<\/li>\n<\/ol>\n\n\n\n<ol type=\"1\" start=\"8\">\n<li>W sobot\u0119,&nbsp; z racji pierwszej soboty miesi\u0105ca Msza \u015bwi\u0119ta o godz. 15:15 sprawowana b\u0119dzie w intencji cz\u0142onk\u00f3w wsp\u00f3lnoty \u201e\u017bywego R\u00f3\u017ca\u0144ca\u201d. Po Mszy \u015bwi\u0119tej zmiana tajemnic r\u00f3\u017ca\u0144cowych i Nabo\u017ce\u0144stwo wynagradzaj\u0105ce do Niepokalanego Serca NMP.&nbsp;&nbsp;&nbsp;<\/li>\n<\/ol>\n\n\n\n<ol type=\"1\" start=\"9\">\n<li>Z racji zbli\u017caj\u0105cej si\u0119 maj\u00f3wki ks. Abp Metropolita Warmi\u0144ski na najbli\u017cszy pi\u0105tek 1 maja udzieli\u0142 wiernym Archidiecezji Warmi\u0144skiej i wszystkim przebywaj\u0105cym na jej terenie, dyspensy od obowi\u0105zku zachowania pokutnego charakteru pi\u0105tku i wstrzemi\u0119\u017aliwo\u015bci od spo\u017cywania pokarm\u00f3w mi\u0119snych.<\/li>\n<\/ol>\n\n\n\n<ol type=\"1\" start=\"10\">\n<li>Do nabycia jest \u201eGo\u015b\u0107 Niedzielny\u201d. Zapraszamy do nabywania prasy katolickiej.<\/li>\n<\/ol>\n\n\n\n<ol type=\"1\" start=\"11\">\n<li>Wszystkim naszym parafianom i go\u015bciom \u017cyczymy pokoju serca i opieki Matki Bo\u017cej.<\/li>\n<\/ol>\n","protected":false},"excerpt":{"rendered":"<p>OG\u0141OSZENIA PARAFIALNE 26.04.2026 r. IV Niedziela po Wielkanocy \u2013NIEDZIELA DOBREGO PASTERZA<\/p>\n","protected":false},"author":4,"featured_media":0,"comment_status":"closed","ping_status":"open","sticky":false,"template":"","format":"standard","meta":[],"categories":[102,101],"tags":[],"_links":{"self":[{"href":"https:\/\/milosierdzienagorki.pl\/index.php?rest_route=\/wp\/v2\/posts\/6287"}],"collection":[{"href":"https:\/\/milosierdzienagorki.pl\/index.php?rest_route=\/wp\/v2\/posts"}],"about":[{"href":"https:\/\/milosierdzienagorki.pl\/index.php?rest_route=\/wp\/v2\/types\/post"}],"author":[{"embeddable":true,"href":"https:\/\/milosierdzienagorki.pl\/index.php?rest_route=\/wp\/v2\/users\/4"}],"replies":[{"embeddable":true,"href":"https:\/\/milosierdzienagorki.pl\/index.php?rest_route=%2Fwp%2Fv2%2Fcomments&post=6287"}],"version-history":[{"count":1,"href":"https:\/\/milosierdzienagorki.pl\/index.php?rest_route=\/wp\/v2\/posts\/6287\/revisions"}],"predecessor-version":[{"id":6288,"href":"https:\/\/milosierdzienagorki.pl\/index.php?rest_route=\/wp\/v2\/posts\/6287\/revisions\/6288"}],"wp:attachment":[{"href":"https:\/\/milosierdzienagorki.pl\/index.php?rest_route=%2Fwp%2Fv2%2Fmedia&parent=6287"}],"wp:term":[{"taxonomy":"category","embeddable":true,"href":"https:\/\/milosierdzienagorki.pl\/index.php?rest_route=%2Fwp%2Fv2%2Fcategories&post=6287"},{"taxonomy":"post_tag","embeddable":true,"href":"https:\/\/milosierdzienagorki.pl\/index.php?rest_route=%2Fwp%2Fv2%2Ftags&post=6287"}],"curies":[{"name":"wp","href":"https:\/\/api.w.org\/{rel}","templated":true}]}}