{"id":6285,"date":"2026-04-26T13:08:25","date_gmt":"2026-04-26T11:08:25","guid":{"rendered":"https:\/\/milosierdzienagorki.pl\/?p=6285"},"modified":"2026-04-26T13:08:25","modified_gmt":"2026-04-26T11:08:25","slug":"intencje-26-04-2026r","status":"publish","type":"post","link":"https:\/\/milosierdzienagorki.pl\/?p=6285","title":{"rendered":"INTENCJE &#8211; 26.04.2026r."},"content":{"rendered":"\n<figure class=\"wp-block-table\"><table><tbody><tr><td colspan=\"3\"><strong>&nbsp;<\/strong> <strong>IV NIEDZIELA WIELKANOCNA &#8211; 26.04.2026 r.<\/strong><strong><\/strong><\/td><\/tr><tr><td><strong>07:00<\/strong><\/td><td>+ Eryk Roszkowski<\/td><td><strong>&nbsp;<\/strong><\/td><\/tr><tr><td><strong>08:30<\/strong><\/td><td>+ Czes\u0142awa (k) Sieniewicz w 16 rocz. \u015bmierci i jej rodzice Stefania i J\u00f3zef Siewko&nbsp; oraz dusze w czy\u015b\u0107cu cierpi\u0105ce<\/td><td><strong>&nbsp;<\/strong><\/td><\/tr><tr><td><strong>10:00<\/strong><\/td><td>O Bo\u017ce b\u0142og., dary Ducha \u015aw. dla Mateusza w czasie egzamin\u00f3w maturalnych<\/td><td><strong>&nbsp;<\/strong><\/td><\/tr><tr><td><strong>12:00<\/strong><\/td><td>&nbsp;Msza \u015bw. za parafian \/chrzest\/<\/td><td><strong>&nbsp;<\/strong><\/td><\/tr><tr><td><strong>13:00<\/strong><\/td><td>&nbsp;Koncert ch\u00f3ru parafialnego<\/td><td><strong>&nbsp;<\/strong><\/td><\/tr><tr><td><strong>15:15<\/strong><\/td><td>+ Stanis\u0142aw Fiedorowicz (22 greg.)<\/td><td><strong>&nbsp;<\/strong><\/td><\/tr><tr><td><strong>18:00<\/strong><\/td><td>&nbsp; Msza \u015bw. zbiorowa za zmar\u0142ych w m-cu kwietniu<\/td><td><strong>&nbsp;<\/strong><\/td><\/tr><tr><td colspan=\"3\"><strong>&nbsp;<\/strong> <strong>PONIEDZIA\u0141EK &#8211; 27.04.2026 r.<\/strong><\/td><\/tr><tr><td><strong>07:00<\/strong><\/td><td>+ Magdalena Podolecka w 31 rocz. \u015bmierci, J\u00f3zef i Grzegorz Kami\u0144scy<\/td><td><strong>&nbsp;<\/strong><\/td><\/tr><tr><td><strong>15:15<\/strong><\/td><td>&nbsp;O Bo\u017ce b\u0142og., opiek\u0119 Matki Bo\u017cej i potrzebne \u0142aski dla Jaros\u0142awa w dniu urodzin<\/td><td><strong>&nbsp;<\/strong><\/td><\/tr><tr><td><strong>12:15<\/strong><\/td><td>Po\u015bwi\u0119cenie cia\u0142a przed kremacj\u0105<\/td><td><strong>&nbsp;<\/strong><\/td><\/tr><tr><td><strong>17:30<\/strong><\/td><td>+ Stanis\u0142aw Fiedorowicz (23 greg.) <strong>\/CHRZEST\/<\/strong><\/td><td><strong>&nbsp;<\/strong><\/td><\/tr><tr><td><strong>17:30<\/strong><\/td><td>&nbsp;Za \u017cywych i zmar\u0142ych cz\u0142onk\u00f3w Apostolstwa Dobrej \u015amierci<\/td><td><strong>&nbsp;<\/strong><\/td><\/tr><tr><td colspan=\"3\"><strong>&nbsp;<\/strong> <strong>WTOREK &#8211; 28.04.2026 r.<\/strong><\/td><\/tr><tr><td><a><strong>07:00<\/strong><\/a><\/td><td>+ Rozalia Micha\u0142owska, Franciszka i J\u00f3zef \u0141aduch<\/td><td><strong>&nbsp;<\/strong><\/td><\/tr><tr><td><strong>11:00<\/strong><\/td><td>Pogrzeb<\/td><td><strong>&nbsp;<\/strong><\/td><\/tr><tr><td><strong>15:15<\/strong><\/td><td>+ Czes\u0142aw Kojtych w 4 rocz. \u015bmierci, Stanis\u0142aw, Anna i J\u00f3zef Kojtych<\/td><td><strong>&nbsp;<\/strong><\/td><\/tr><tr><td><strong>16:30<\/strong><\/td><td>&nbsp;Protok\u00f3\u0142 przedma\u0142\u017ce\u0144ski<\/td><td><strong>&nbsp;<\/strong><\/td><\/tr><tr><td><strong>17:30<\/strong><\/td><td>+ Stanis\u0142aw Fiedorowicz (24 greg.)<\/td><td><strong>&nbsp;<\/strong><\/td><\/tr><tr><td><strong>17:30<\/strong><\/td><td>Dzi\u0119kczynno \u2013 b\u0142agalna z okazji 24 urodzin Wojciecha z pro\u015bb\u0105 o Bo\u017ce b\u0142og, i opiek\u0119 Matki Bo\u017cej na dalsze lata.<\/td><td><strong>&nbsp;<\/strong><\/td><\/tr><tr><td colspan=\"3\"><strong>&nbsp;<\/strong> <strong>\u015aRODA &#8211; 29.04.2026 r.<\/strong> <strong>\u015aW. KATARZYNY SIENE\u0143SKIEJ, DZIEWICY I DOKTORA KO\u015aCIO\u0141A, PATRONKI EUROPY<\/strong><strong><\/strong><\/td><\/tr><tr><td><strong>07:00<\/strong><\/td><td>+&nbsp; Rodzice chrzestni: Otylia Ko\u0144ka, Eugeniusz Cichosz<\/td><td><strong>&nbsp;<\/strong><\/td><\/tr><tr><td><strong>11:00<\/strong><\/td><td><strong>Pogrzeb<\/strong><\/td><td><strong>&nbsp;<\/strong><\/td><\/tr><tr><td><strong>15:15<\/strong><\/td><td>+ Katarzyna, Stefan, Marianna, zmarli z rodziny Sobol<\/td><td><strong>&nbsp;<\/strong><\/td><\/tr><tr><td><strong>17:30<\/strong><\/td><td>+ Stanis\u0142aw Fiedorowicz (25 greg.)<\/td><td><strong>&nbsp;<\/strong><\/td><\/tr><tr><td><strong>17:30<\/strong><\/td><td>+ Tadeusz Adam Ceglarz ( Msza \u015bw. popogrzebowa)<\/td><td><strong>&nbsp;<\/strong><\/td><\/tr><tr><td><strong>Po Mszy \u015bw.<\/strong><strong><\/strong><\/td><td><strong>Nabo\u017ce\u0144stwo do M. B. Nieustaj\u0105cej Pomocy<\/strong><\/td><td><strong>&nbsp;<\/strong><\/td><\/tr><tr><td colspan=\"3\"><strong>&nbsp;<\/strong> <strong>CZWARTEK &#8211; 30.04.2026 r.<\/strong> <strong>\u015aW. PIUSA V, PAPIE\u017bA<\/strong><\/td><\/tr><tr><td><strong>07:00<\/strong><\/td><td>+ Stanis\u0142aw Fiedorowicz (26 greg.)<\/td><td><strong>&nbsp;<\/strong><\/td><\/tr><tr><td><strong>07:00<\/strong><\/td><td>+ Genowefa Janicka ( Msza \u015bw. popogrzebowa)<\/td><td><strong>&nbsp;<\/strong><\/td><\/tr><tr><td><strong>15:15<\/strong><\/td><td>+ Stefania \u0141ukaszewicz w kolejn\u0105 rocz. \u015bmierci<\/td><td><strong>&nbsp;<\/strong><\/td><\/tr><tr><td><strong>15:15<\/strong><\/td><td>+ Zygmunt Bia\u0142ach w 10 rocz. \u015bmierci<\/td><td><strong>&nbsp;<\/strong><\/td><\/tr><tr><td><strong>17:30<\/strong><\/td><td>O dar Bo\u017cego b\u0142og. dla cz\u0142onk\u00f3w wsp\u00f3lnoty \u201eSilni Bogiem\u201d oraz ich rodzin<\/td><td><strong>&nbsp;<\/strong><\/td><\/tr><tr><td><strong>Po Mszy \u015bw.<\/strong><strong><\/strong><\/td><td><strong>Nabo\u017ce\u0144stwo za kap\u0142an\u00f3w<\/strong><\/td><td><strong>&nbsp;<\/strong><\/td><\/tr><tr><td><strong>Po Mszy \u015bw.<\/strong><\/td><td><strong>Spotkanie wsp\u00f3lnoty \u201eSilni Bogiem\u201d<\/strong><\/td><td><strong>&nbsp;<\/strong><\/td><\/tr><tr><td colspan=\"3\"><strong>&nbsp;<\/strong> <strong>PI\u0104TEK &#8211; 01.05.2026 r.<\/strong> <strong>\u015aW. J\u00d3ZEFA RZEMIE\u015aLNIKA<\/strong> <strong>PIERWSZY PI\u0104TEK MIESI\u0104CA<\/strong><strong><\/strong><\/td><\/tr><tr><td><strong>07:00<\/strong><\/td><td>+ Stanis\u0142aw Fiedorowicz (27 greg.)<\/td><td><strong>&nbsp;<\/strong><\/td><\/tr><tr><td><strong>07:00<\/strong><\/td><td>+Za dusze w czy\u015b\u0107cu cierpi\u0105ce (int. od Marii, Katarzyny i Barbary z rodzinami)<\/td><td><strong>&nbsp;<\/strong><\/td><\/tr><tr><td><strong>14:45<\/strong><\/td><td>&nbsp;Nabo\u017ce\u0144stwo do Mi\u0142osierdzia Bo\u017cego<\/td><td><strong>&nbsp;<\/strong><\/td><\/tr><tr><td><strong>15:15<\/strong><\/td><td>&nbsp;Msza \u015bw. zbiorowa do Mi\u0142osierdzia Bo\u017cego<\/td><td><strong>&nbsp;<\/strong><\/td><\/tr><tr><td><strong>17:00<\/strong><\/td><td><strong>Nabo\u017ce\u0144stwo majowe<\/strong><\/td><td><strong>&nbsp;<\/strong><\/td><\/tr><tr><td><strong>17:30<\/strong><\/td><td>+ Antonina Kozon w 42 rocz. \u015bmierci, Konstanty, Stanis\u0142aw, Mieczys\u0142aw, Barbara, Ewa z rodziny Kozon i dusze w czy\u015b\u0107cu cierpi\u0105ce<\/td><td><strong>&nbsp;<\/strong><\/td><\/tr><tr><td colspan=\"3\"><strong>&nbsp;<\/strong> <strong>SOBOTA &#8211; 02.05.2026 r.<\/strong> <strong>\u015aW. ANATAZEGO, BISKUPA I DOKTORA KO\u015aCIO\u0141A, WSPOMNIENIE<\/strong><strong><\/strong><\/td><\/tr><tr><td><strong>07:00<\/strong><\/td><td>+ Stanis\u0142aw Fiedorowicz (28 greg.)<\/td><td><strong>&nbsp;<\/strong><\/td><\/tr><tr><td><strong>10:00<\/strong><\/td><td>&nbsp;Zbi\u00f3rka Ministrant\u00f3w<\/td><td><strong>&nbsp;<\/strong><\/td><\/tr><tr><td><strong>11:00<\/strong><\/td><td>&nbsp;Zbi\u00f3rka Lektor\u00f3w<\/td><td><strong>&nbsp;<\/strong><\/td><\/tr><tr><td><strong>15:15<\/strong><\/td><td>&nbsp;\u017bywy R\u00f3\u017caniec<\/td><td><strong>&nbsp;<\/strong><\/td><\/tr><tr><td><strong>15:15<\/strong><\/td><td>+ Zofia Prokop (int. od siostrzenicy Krystyny z rodzin\u0105)<\/td><td><strong>&nbsp;<\/strong><\/td><\/tr><tr><td><strong>17:00<\/strong><\/td><td><strong>Nabo\u017ce\u0144stwo majowe<\/strong><\/td><td><strong>&nbsp;<\/strong><\/td><\/tr><tr><td><strong>17:30<\/strong><\/td><td>Dzi\u0119kczynno-b\u0142agalna z pro\u015bb\u0105 o dar Bo\u017cego b\u0142og., opiek\u0119 Matki Bo\u017cej, potrzebne \u0142aski dla Eweliny i Marcina z okazji 17 rocznicy \u015blubu oraz ich c\u00f3rki Laury.<\/td><td><strong>&nbsp;<\/strong><\/td><\/tr><\/tbody><\/table><\/figure>\n","protected":false},"excerpt":{"rendered":"<p>&nbsp; IV NIEDZIELA WIELKANOCNA &#8211; 26.04.2026 r. 07:00 + Eryk Roszkowski &nbsp; 08:30 + Czes\u0142awa (k) Sieniewicz w 16 rocz. \u015bmierci i jej rodzice Stefania i J\u00f3zef Siewko&nbsp; oraz dusze w czy\u015b\u0107cu cierpi\u0105ce &nbsp; 10:00 O Bo\u017ce b\u0142og., dary Ducha \u015aw. dla Mateusza w czasie egzamin\u00f3w maturalnych &nbsp; 12:00 &nbsp;Msza \u015bw. za parafian \/chrzest\/ &nbsp; &#8230; <span class=\"more\"><a class=\"more-link\" href=\"https:\/\/milosierdzienagorki.pl\/?p=6285\">Wi\u0119cej&#8230;<\/a><\/span><\/p>\n","protected":false},"author":4,"featured_media":0,"comment_status":"closed","ping_status":"open","sticky":false,"template":"","format":"standard","meta":[],"categories":[103,101],"tags":[],"_links":{"self":[{"href":"https:\/\/milosierdzienagorki.pl\/index.php?rest_route=\/wp\/v2\/posts\/6285"}],"collection":[{"href":"https:\/\/milosierdzienagorki.pl\/index.php?rest_route=\/wp\/v2\/posts"}],"about":[{"href":"https:\/\/milosierdzienagorki.pl\/index.php?rest_route=\/wp\/v2\/types\/post"}],"author":[{"embeddable":true,"href":"https:\/\/milosierdzienagorki.pl\/index.php?rest_route=\/wp\/v2\/users\/4"}],"replies":[{"embeddable":true,"href":"https:\/\/milosierdzienagorki.pl\/index.php?rest_route=%2Fwp%2Fv2%2Fcomments&post=6285"}],"version-history":[{"count":1,"href":"https:\/\/milosierdzienagorki.pl\/index.php?rest_route=\/wp\/v2\/posts\/6285\/revisions"}],"predecessor-version":[{"id":6286,"href":"https:\/\/milosierdzienagorki.pl\/index.php?rest_route=\/wp\/v2\/posts\/6285\/revisions\/6286"}],"wp:attachment":[{"href":"https:\/\/milosierdzienagorki.pl\/index.php?rest_route=%2Fwp%2Fv2%2Fmedia&parent=6285"}],"wp:term":[{"taxonomy":"category","embeddable":true,"href":"https:\/\/milosierdzienagorki.pl\/index.php?rest_route=%2Fwp%2Fv2%2Fcategories&post=6285"},{"taxonomy":"post_tag","embeddable":true,"href":"https:\/\/milosierdzienagorki.pl\/index.php?rest_route=%2Fwp%2Fv2%2Ftags&post=6285"}],"curies":[{"name":"wp","href":"https:\/\/api.w.org\/{rel}","templated":true}]}}