{"id":6223,"date":"2026-03-08T21:19:11","date_gmt":"2026-03-08T20:19:11","guid":{"rendered":"https:\/\/milosierdzienagorki.pl\/?p=6223"},"modified":"2026-03-08T21:19:11","modified_gmt":"2026-03-08T20:19:11","slug":"ogloszenia-08-03-2026r","status":"publish","type":"post","link":"http:\/\/milosierdzienagorki.pl\/?p=6223","title":{"rendered":"OG\u0141OSZENIA &#8211; 08.03.2026r."},"content":{"rendered":"\n<p class=\"has-text-align-center has-vivid-red-color has-white-background-color has-text-color has-background\"><strong>OG\u0141OSZENIA PARAFIALNE<\/strong><\/p>\n\n\n\n<p class=\"has-text-align-center has-vivid-red-color has-text-color\"><strong>III NIEDZIELA WIELKIEGO POSTU \u2013 08.03. 2026 r.<\/strong><\/p>\n\n\n\n<ul>\n<li><\/li>\n<\/ul>\n\n\n\n<p>W okresie Wielkiego Postu w ka\u017cdy pi\u0105tek w naszym ko\u015bciele nabo\u017ce\u0144stwa Drogi Krzy\u017cowej wed\u0142ug nast\u0119puj\u0105cego porz\u0105dku:<\/p>\n\n\n\n<p>14:30 \u2013 Droga Krzy\u017cowa z koronk\u0105 do Bo\u017cego Mi\u0142osierdzia;<\/p>\n\n\n\n<p>16:30 \u2013 Droga Krzy\u017cowa z udzia\u0142em dzieci;<\/p>\n\n\n\n<p>18:00 \u2013 Droga Krzy\u017cowa z udzia\u0142em m\u0142odzie\u017cy i doros\u0142ych.<br>W ka\u017cd\u0105 niedziel\u0119 natomiast o godz. 17:30 zapraszamy na nabo\u017ce\u0144stwo Gorzkich \u017bali z kazaniem pasyjnym.<\/p>\n\n\n\n<p><\/p>\n\n\n\n<p>W naszym ko\u015bciele III niedziel\u0105 Wielkiego Postu rozpocz\u0119li\u015bmy rekolekcje wielkopostne dla og\u00f3\u0142u wiernych i dzieci ucz\u0105cych si\u0119 w szko\u0142ach na terenie naszej parafii. Serdecznie witamy ks. Rafa\u0142a Przestrzelskiego, kanonika regularnego latera\u0144skoiego, kt\u00f3ry duszpastersko pos\u0142uguje w gietrzwa\u0142dzkim sanktuarium.\u00a0\u00a0 Msze \u015bwi\u0119te z nauk\u0105 rekolekcyjn\u0105 w niedziel\u0119 wed\u0142ug porz\u0105dku niedzielnego, natomiast od poniedzia\u0142ku do \u015brody o godz. 7.00, 8.30, 10.00, 15.15, 17.30 oraz o godz. 19.00.<\/p>\n\n\n\n<p><\/p>\n\n\n\n<p>Zach\u0119camy, aby dobrze przygotowa\u0107 si\u0119 do uroczysto\u015bci Zmartwychwstania Pa\u0144skiego poprzez odbycie spowiedzi \u015bwi\u0119tej. Prosimy nie odk\u0142ada\u0107 Sakramentu Pokuty i Pojednania na czas przed samymi \u015bwi\u0119tami.\u00a0<\/p>\n\n\n\n<p><\/p>\n\n\n\n<p>19 marca b\u0119dziemy prze\u017cywali Uroczysto\u015b\u0107 \u015bwi\u0119tego J\u00f3zefa Oblubie\u0144ca Naj\u015bwi\u0119tszej Maryi Panny.\u00a0 9- cio dniow\u0105 nowenn\u0105, kt\u00f3ra odmawiana b\u0119dzie w naszym ko\u015bciele od 10 do 18 marca po Mszy \u015bwi\u0119tej o godz. 7.00 \u00a0b\u0119dziemy przygotowywali si\u0119 duchowo do dobrego prze\u017cycia tej uroczysto\u015bci.<\/p>\n\n\n\n<p><\/p>\n\n\n\n<p>Do puszek wmurowanych przy wyj\u015bciu z ko\u015bcio\u0142a zbieramy ofiary na kwiaty do Grobu Pa\u0144skiego i \u015bwi\u0105teczny wystr\u00f3j ko\u015bcio\u0142a. Dzi\u0119kujemy za wsp\u00f3ln\u0105 trosk\u0119 o pi\u0119kno \u015bwi\u0105tyni.\u00a0<\/p>\n\n\n\n<p><\/p>\n\n\n\n<p>Zwracamy si\u0119 z pro\u015bb\u0105, aby przekazywa\u0107 do kancelarii parafialnej niepotrzebne alby komunijne, kt\u00f3re udost\u0119pnimy dzieciom, przegotowuj\u0105cym si\u0119 do I Komunii \u015bwi\u0119tej.\u00a0<\/p>\n\n\n\n<p><\/p>\n\n\n\n<p>Dzi\u015b po Mszy \u015bwi\u0119tej o godz. 10.00 zapraszamy do Oratorium \u015bw. Carla Acutisa wszystkie dzieci wraz z rodzicami na rodzinne spotkanie. Zosta\u0142y przygotowane tosty, zapiekanki, gofry, kaw\u0119 oraz inne s\u0142odko\u015bci.\u00a0<\/p>\n\n\n\n<p><\/p>\n\n\n\n<p>W pi\u0105tek 13 marca po wieczornym\u00a0 nabo\u017ce\u0144stwie drogi krzy\u017cowej zapraszamy na wsp\u00f3lne ogl\u0105danie serialu \u201ethe Chosen\u201d, sezon 5: \u201eOstatnia Wieczerza\u201d.<\/p>\n\n\n\n<p><\/p>\n\n\n\n<p>Zwracamy si\u0119 z pro\u015bb\u0105, aby przy okazji rozliczania podatku, przekaza\u0107 1,5 procenta na Caritas Archidiecezji Warmi\u0144skiej <strong>z dopiskiem \u201eNag\u00f3rki\u201d<\/strong>. Z uzyskanych w ten spos\u00f3b \u015brodk\u00f3w b\u0119dziemy mogli wesprze\u0107 dzieci i m\u0142odzie\u017c w organizowanych przez parafi\u0119 inicjatywach duszpasterskich. <strong>Na stoliku przy wyj\u015bciu z ko\u015bcio\u0142a s\u0105 do zabrania ulotki z numerem KRS.\u00a0<\/strong><\/p>\n\n\n\n<p><\/p>\n\n\n\n<p>Zach\u0119camy do nabywania prasy katolickiej. Nowy numer Go\u015bcia Niedzielnego w cenie 10 z\u0142.\u00a0<\/p>\n\n\n\n<p><\/p>\n\n\n\n<p>Dzi\u0119kujemy naszym wolontariuszom za pomoc w sprz\u0105taniu Ko\u015bcio\u0142a. Dzi\u0119kujemy za pos\u0142ug\u0119 w zakrystii, kancelarii i oratorium oraz za pomoc w porz\u0105dkach wok\u00f3\u0142 ko\u015bcio\u0142a. <\/p>\n\n\n\n<p><\/p>\n\n\n\n<p>Naszym parafianom i go\u015bciom \u017cyczymy owocnego prze\u017cywania czasu Wielkiego Postu i rekolekcji.<\/p>\n","protected":false},"excerpt":{"rendered":"<p>OG\u0141OSZENIA PARAFIALNE III NIEDZIELA WIELKIEGO POSTU \u2013 08.03. 2026 r. W okresie Wielkiego Postu w ka\u017cdy pi\u0105tek w naszym ko\u015bciele nabo\u017ce\u0144stwa Drogi Krzy\u017cowej wed\u0142ug nast\u0119puj\u0105cego porz\u0105dku: 14:30 \u2013 Droga Krzy\u017cowa z koronk\u0105 do Bo\u017cego Mi\u0142osierdzia; 16:30 \u2013 Droga Krzy\u017cowa z udzia\u0142em dzieci; 18:00 \u2013 Droga Krzy\u017cowa z udzia\u0142em m\u0142odzie\u017cy i doros\u0142ych.W ka\u017cd\u0105 niedziel\u0119 natomiast o &#8230; <span class=\"more\"><a class=\"more-link\" href=\"http:\/\/milosierdzienagorki.pl\/?p=6223\">Wi\u0119cej&#8230;<\/a><\/span><\/p>\n","protected":false},"author":4,"featured_media":0,"comment_status":"closed","ping_status":"open","sticky":false,"template":"","format":"standard","meta":[],"categories":[102,101],"tags":[],"_links":{"self":[{"href":"http:\/\/milosierdzienagorki.pl\/index.php?rest_route=\/wp\/v2\/posts\/6223"}],"collection":[{"href":"http:\/\/milosierdzienagorki.pl\/index.php?rest_route=\/wp\/v2\/posts"}],"about":[{"href":"http:\/\/milosierdzienagorki.pl\/index.php?rest_route=\/wp\/v2\/types\/post"}],"author":[{"embeddable":true,"href":"http:\/\/milosierdzienagorki.pl\/index.php?rest_route=\/wp\/v2\/users\/4"}],"replies":[{"embeddable":true,"href":"http:\/\/milosierdzienagorki.pl\/index.php?rest_route=%2Fwp%2Fv2%2Fcomments&post=6223"}],"version-history":[{"count":15,"href":"http:\/\/milosierdzienagorki.pl\/index.php?rest_route=\/wp\/v2\/posts\/6223\/revisions"}],"predecessor-version":[{"id":6238,"href":"http:\/\/milosierdzienagorki.pl\/index.php?rest_route=\/wp\/v2\/posts\/6223\/revisions\/6238"}],"wp:attachment":[{"href":"http:\/\/milosierdzienagorki.pl\/index.php?rest_route=%2Fwp%2Fv2%2Fmedia&parent=6223"}],"wp:term":[{"taxonomy":"category","embeddable":true,"href":"http:\/\/milosierdzienagorki.pl\/index.php?rest_route=%2Fwp%2Fv2%2Fcategories&post=6223"},{"taxonomy":"post_tag","embeddable":true,"href":"http:\/\/milosierdzienagorki.pl\/index.php?rest_route=%2Fwp%2Fv2%2Ftags&post=6223"}],"curies":[{"name":"wp","href":"https:\/\/api.w.org\/{rel}","templated":true}]}}