{"id":6221,"date":"2026-03-08T21:08:02","date_gmt":"2026-03-08T20:08:02","guid":{"rendered":"https:\/\/milosierdzienagorki.pl\/?p=6221"},"modified":"2026-03-08T21:08:02","modified_gmt":"2026-03-08T20:08:02","slug":"intencje-08-03-2026r","status":"publish","type":"post","link":"http:\/\/milosierdzienagorki.pl\/?p=6221","title":{"rendered":"INTENCJE &#8211; 08.03.2026r."},"content":{"rendered":"\n<figure class=\"wp-block-table\"><table><tbody><tr><td colspan=\"3\"><strong>&nbsp;<\/strong> <strong>III NIEDZIELA WIELKIEGO POSTU &#8211; 08.03.2026 r.<\/strong> <strong>REKOLEKCJE WIELKOPOSTNE<\/strong><\/td><\/tr><tr><td><strong>07:00<\/strong><\/td><td>&nbsp;+ Jerzy Pawelczyk w 5 rocz. \u015bmierci<\/td><td><\/td><\/tr><tr><td><strong>08:30<\/strong><\/td><td>&nbsp;+ Andrzej Wi\u015bniewski w 31 rocz. \u015bmierci i zmarli z rodziny<\/td><td><\/td><\/tr><tr><td><strong>10:00<\/strong><\/td><td>&nbsp;+ Stanis\u0142awa (k), Dariusz, Edmund Aleksandrzak, Agnieszka J\u0119drzejewska (8 greg.)<\/td><td><\/td><\/tr><tr><td><strong>12:00<\/strong><\/td><td>O zdrowie dla Sebastiana Miecznikowskiego<\/td><td><strong>&nbsp;<\/strong><\/td><\/tr><tr><td><strong>15:15<\/strong><\/td><td>&nbsp;+ J\u00f3zef Szewczyk<\/td><td><\/td><\/tr><tr><td><strong>17.30<\/strong><\/td><td>Nabo\u017ce\u0144stwo Gorzkich \u017bali<\/td><td><strong>&nbsp;<\/strong><\/td><\/tr><tr><td><strong>18:00<\/strong><\/td><td>&nbsp;+ Zofia, Piotr, Romana (k)<\/td><td><strong>&nbsp;<\/strong><\/td><\/tr><tr><td colspan=\"3\"><strong>PONIEDZIA\u0141EK &#8211; 09.03.2026 r.<\/strong> <strong>\u015aW. FRANCISZKI RZYMIANKI, ZAKONNICY<\/strong> <strong>REKOLEKCJE WIELKOPOSTNE<\/strong><\/td><\/tr><tr><td><strong>07:00<\/strong><\/td><td>&nbsp;+ Stanis\u0142awa (k), Dariusz, Edmund Aleksandrzak, Agnieszka J\u0119drzejewska (9 greg.)<\/td><td><\/td><\/tr><tr><td><strong>10:00<\/strong><\/td><td>&nbsp;+ Helena Tunkiewicz w 19 rocz. \u015bmierci, Sykstus, Kazimierz, Alicja, Ryszard, Andrzej<\/td><td><\/td><\/tr><tr><td><strong>11:30<\/strong><\/td><td><strong>Nauka rekolekcyjna dla ZPE w szkole<\/strong><\/td><td><strong>&nbsp;<\/strong><\/td><\/tr><tr><td><strong>15:15<\/strong><\/td><td>&nbsp;+ Tadeusz, Teodozja, Karol<\/td><td><\/td><\/tr><tr><td><strong>17:30<\/strong><\/td><td>&nbsp;+ Benedykt \u015awi\u0119conek w 5 rocz. \u015bmierci zmarli z rodziny<\/td><td><\/td><\/tr><tr><td><strong>19.00<\/strong><\/td><td>+ Irena Wy\u0142uda w 12 rocz. \u015bmierci<\/td><td><strong>&nbsp;<\/strong><\/td><\/tr><tr><td colspan=\"3\"><strong>WTOREK &#8211; 10.03.2026 r.<\/strong> <strong>REKOLEKCJE WIELKOPOSTNE<\/strong><\/td><\/tr><tr><td><strong>07:00<\/strong><\/td><td>&nbsp;+ Stanis\u0142awa (k), Dariusz, Edmund Aleksandrzak, Agnieszka J\u0119drzejewska (10 greg.)<\/td><td><\/td><\/tr><tr><td><strong>8:30<\/strong><\/td><td><strong>Nauka rekolekcyjna dla uczni\u00f3w klas 1-3 SP 12<\/strong><\/td><td><strong>&nbsp;<\/strong><\/td><\/tr><tr><td><strong>10:00<\/strong><\/td><td>&nbsp;+ Halina Klimkowska (int. od s\u0105siad\u00f3w z Or\u0142owicza 7)<\/td><td><\/td><\/tr><tr><td><strong>11:30<\/strong><\/td><td>&nbsp;+ Bernardeta Czarnecka <strong>Msza \u015bw. dla uczni\u00f3w z SP 12\/<\/strong><\/td><td><strong>&nbsp;<\/strong><\/td><\/tr><tr><td><strong>12:30<\/strong><\/td><td>+ Bernardeta Czarnecka <strong>Msza \u015bw. dla uczni\u00f3w z SP 12<\/strong><\/td><td><strong>&nbsp;<\/strong><\/td><\/tr><tr><td><strong>15:15<\/strong><\/td><td>&nbsp;+ J\u00f3zef Piotrzkiewicz w 29 rocz. \u015bmierci<\/td><td><\/td><\/tr><tr><td><strong>17:30<\/strong><\/td><td>&nbsp;+ Jadwiga w 3 rocz. \u015bmierci i Gustaw w 1 rocz. \u015bmierci&nbsp;&nbsp; \u017bebrowscy, rodzice i te\u015bcie: Anna w 2 rocz. \u015bmierci i J\u00f3zef<br>w 5 rocz. \u015bmierci Raszeja<\/td><td><strong>&nbsp;<\/strong><\/td><\/tr><tr><td><strong>17:30<\/strong><\/td><td>&nbsp;+ Kazimierz, Piotr, Andrzej Kowalczyk<\/td><td><strong>&nbsp;<\/strong><\/td><\/tr><tr><td><strong>19:00<\/strong><\/td><td>+ Bernardeta Czarnecka<\/td><td><strong>&nbsp;<\/strong><\/td><\/tr><tr><td colspan=\"3\"><strong>\u015aRODA- 11.03.2026 r.<\/strong> <strong>REKOLEKCJKE WIELKOPOSTNE<\/strong><\/td><\/tr><tr><td><strong>07:00<\/strong><\/td><td>&nbsp;+ Stanis\u0142awa (k), Dariusz, Edmund Aleksandrzak, Agnieszka J\u0119drzejewska (11 greg.)<\/td><td><\/td><\/tr><tr><td><strong>8:30<\/strong><\/td><td><strong>Msza \u015bw. dla uczni\u00f3w z SP 25\/ w int. parafian<\/strong><\/td><td><strong>&nbsp;<\/strong><\/td><\/tr><tr><td><strong>10:00<\/strong><\/td><td>&nbsp;+ Grzegorz Byks, Henryka (k) i W\u0142adys\u0142aw Byks, Leokadia i Kazimierz \u017bukowscy<\/td><td><\/td><\/tr><tr><td><strong>11:20<\/strong><\/td><td><strong>Msza \u015bw. dla uczni\u00f3w z SP 25\/ w int. kap\u0142an\u00f3w<\/strong><\/td><td><strong>&nbsp;<\/strong><\/td><\/tr><tr><td><strong>12:30<\/strong><\/td><td><strong>Msza \u015bw. dla uczni\u00f3w z SP 25\/ w int. dusz w czy\u015b\u0107cu cierpi\u0105cych<\/strong><strong><\/strong><\/td><td><strong>&nbsp;<\/strong><\/td><\/tr><tr><td><strong>15:15<\/strong><\/td><td>&nbsp;+ Bronis\u0142awa (k) Henryka (k) Maliszewskie,<br>Helena, Mieczys\u0142aw i Zbigniew Kuca<\/td><td><\/td><\/tr><tr><td><strong>17:30<\/strong><\/td><td>&nbsp;+ Bronis\u0142aw Dymper w 34 rocz. \u015bmierci, Bronis\u0142awa (k)<br>i Tomasz<\/td><td><\/td><\/tr><tr><td><strong>Po Mszy \u015bw.<\/strong><strong><\/strong><\/td><td><strong>Nabo\u017ce\u0144stwo do M. B. Nieustaj\u0105cej Pomocy<\/strong><\/td><td><\/td><\/tr><tr><td><strong>19:00<\/strong><strong><\/strong><\/td><td>+ Bernardeta Czarnecka<\/td><td><strong>&nbsp;<\/strong><\/td><\/tr><tr><td colspan=\"3\"><strong>CZWARTEK &#8211; 12.03.2026 r.<\/strong><\/td><\/tr><tr><td><strong>07:00<\/strong><\/td><td>&nbsp;+ Stanis\u0142awa (k), Dariusz, Edmund Aleksandrzak, Agnieszka J\u0119drzejewska (12 greg.)<\/td><td><strong>&nbsp;<\/strong><\/td><\/tr><tr><td><strong>15:15<\/strong><\/td><td>&nbsp;+ Jerzy Grzyb w rocznic\u0119 \u015bmierci<\/td><td><strong>&nbsp;<\/strong><\/td><\/tr><tr><td><strong>17:30<\/strong><\/td><td>&nbsp;+ Piotr Sadowski w 13 rocz. \u015bmierci<\/td><td><strong>&nbsp;<\/strong><\/td><\/tr><tr><td><strong>17:30<\/strong><\/td><td>&nbsp; O Bo\u017ce b\u0142og. Pana Jezusa Mi\u0142osiernego, opiek\u0119 Matki Bo\u017cej dla Grzegorza Obolewicz&nbsp; z okazji urodzin<\/td><td><strong>&nbsp;<\/strong><\/td><\/tr><tr><td><strong>Po Mszy \u015bw.<\/strong><strong><\/strong><\/td><td><strong>Nabo\u017ce\u0144stwo za kap\u0142an\u00f3w<\/strong><\/td><td><strong>&nbsp;<\/strong><\/td><\/tr><tr><td colspan=\"3\"><strong>&nbsp;<\/strong> <strong>&nbsp;PI\u0104TEK &#8211; 13.03.2026 r.<\/strong><\/td><\/tr><tr><td><strong>07:00<\/strong><\/td><td>&nbsp;+ Stanis\u0142awa (k), Dariusz, Edmund Aleksandrzak, Agnieszka J\u0119drzejewska (13 greg.)<\/td><td><strong>&nbsp;<\/strong><\/td><\/tr><tr><td><strong>10:00<\/strong><\/td><td>Spowied\u017a Bart\u0105g<\/td><td><strong>&nbsp;<\/strong><\/td><\/tr><tr><td><strong>14:30<\/strong><\/td><td><strong>&nbsp;Droga Krzy\u017cowa z koronk\u0105 do Mi\u0142osierdzia Bo\u017cego<\/strong><\/td><td><strong>&nbsp;<\/strong><\/td><\/tr><tr><td><strong>15:15<\/strong><\/td><td>&nbsp;+ Leszek Borowski (Msza \u015bw. popogrzebowa)<\/td><td><strong>&nbsp;<\/strong><\/td><\/tr><tr><td><strong>16:30<\/strong><\/td><td>&nbsp;<strong>Droga Krzy\u017cowa dla dzieci<\/strong><\/td><td><strong>&nbsp;<\/strong><\/td><\/tr><tr><td><strong>17:30<\/strong><\/td><td>&nbsp;+ Krzysztof Klimkowski (Msza \u015bw. popogrzebowa)<\/td><td><strong>&nbsp;<\/strong><\/td><\/tr><tr><td><strong>18:00<\/strong><\/td><td>&nbsp;<strong>Droga Krzy\u017cowa<\/strong><\/td><td><strong>&nbsp;<\/strong><\/td><\/tr><tr><td><strong>18:00<\/strong><\/td><td>Spowied\u017a Bart\u0105g<\/td><td><strong>&nbsp;<\/strong><\/td><\/tr><tr><td colspan=\"3\"><strong>SOBOTA &#8211; 14.03.2026 r.<\/strong><\/td><\/tr><tr><td><strong>07:00<\/strong><\/td><td>&nbsp;+ Stanis\u0142awa (k), Dariusz, Edmund Aleksandrzak, Agnieszka J\u0119drzejewska (14 greg.)<\/td><td><strong>&nbsp;<\/strong><\/td><\/tr><tr><td><strong>10:00<\/strong><\/td><td>Spowied\u017a Bart\u0105g<\/td><td><strong>&nbsp;<\/strong><\/td><\/tr><tr><td><strong>10:00<\/strong><\/td><td>&nbsp;Zbi\u00f3rka Ministrant\u00f3w<\/td><td><strong>&nbsp;<\/strong><\/td><\/tr><tr><td><strong>11:00<\/strong><\/td><td>&nbsp;Zbi\u00f3rka Lektor\u00f3w<\/td><td><strong>&nbsp;<\/strong><\/td><\/tr><tr><td><strong>15:15<\/strong><\/td><td>&nbsp;+ Stefan Chojnacki w 47 rocz. \u015bmierci, W\u0142adys\u0142awa (k) Chojnacka, Marianna i Jan Rudzi\u0144scy<\/td><td><strong>&nbsp;<\/strong><\/td><\/tr><tr><td><strong>17:30<\/strong><\/td><td>&nbsp;&nbsp;+ Cecylia Ikiert, Irena i Zygmunt Hofman<\/td><td><strong>&nbsp;<\/strong><\/td><\/tr><tr><td><strong>17:30<\/strong><\/td><td>&nbsp;+ Halina Klimkowska ( Msza \u015bw. popogrzebowa)<\/td><td><strong>&nbsp;<\/strong><\/td><\/tr><tr><td><strong>18:00<\/strong><\/td><td>Spowied\u017a Bart\u0105g<\/td><td><strong>&nbsp;<\/strong><\/td><\/tr><\/tbody><\/table><\/figure>\n","protected":false},"excerpt":{"rendered":"<p>&nbsp; III NIEDZIELA WIELKIEGO POSTU &#8211; 08.03.2026 r. REKOLEKCJE WIELKOPOSTNE 07:00 &nbsp;+ Jerzy Pawelczyk w 5 rocz. \u015bmierci 08:30 &nbsp;+ Andrzej Wi\u015bniewski w 31 rocz. \u015bmierci i zmarli z rodziny 10:00 &nbsp;+ Stanis\u0142awa (k), Dariusz, Edmund Aleksandrzak, Agnieszka J\u0119drzejewska (8 greg.) 12:00 O zdrowie dla Sebastiana Miecznikowskiego &nbsp; 15:15 &nbsp;+ J\u00f3zef Szewczyk 17.30 Nabo\u017ce\u0144stwo Gorzkich &#8230; <span class=\"more\"><a class=\"more-link\" href=\"http:\/\/milosierdzienagorki.pl\/?p=6221\">Wi\u0119cej&#8230;<\/a><\/span><\/p>\n","protected":false},"author":4,"featured_media":0,"comment_status":"closed","ping_status":"open","sticky":false,"template":"","format":"standard","meta":[],"categories":[103,101],"tags":[],"_links":{"self":[{"href":"http:\/\/milosierdzienagorki.pl\/index.php?rest_route=\/wp\/v2\/posts\/6221"}],"collection":[{"href":"http:\/\/milosierdzienagorki.pl\/index.php?rest_route=\/wp\/v2\/posts"}],"about":[{"href":"http:\/\/milosierdzienagorki.pl\/index.php?rest_route=\/wp\/v2\/types\/post"}],"author":[{"embeddable":true,"href":"http:\/\/milosierdzienagorki.pl\/index.php?rest_route=\/wp\/v2\/users\/4"}],"replies":[{"embeddable":true,"href":"http:\/\/milosierdzienagorki.pl\/index.php?rest_route=%2Fwp%2Fv2%2Fcomments&post=6221"}],"version-history":[{"count":1,"href":"http:\/\/milosierdzienagorki.pl\/index.php?rest_route=\/wp\/v2\/posts\/6221\/revisions"}],"predecessor-version":[{"id":6222,"href":"http:\/\/milosierdzienagorki.pl\/index.php?rest_route=\/wp\/v2\/posts\/6221\/revisions\/6222"}],"wp:attachment":[{"href":"http:\/\/milosierdzienagorki.pl\/index.php?rest_route=%2Fwp%2Fv2%2Fmedia&parent=6221"}],"wp:term":[{"taxonomy":"category","embeddable":true,"href":"http:\/\/milosierdzienagorki.pl\/index.php?rest_route=%2Fwp%2Fv2%2Fcategories&post=6221"},{"taxonomy":"post_tag","embeddable":true,"href":"http:\/\/milosierdzienagorki.pl\/index.php?rest_route=%2Fwp%2Fv2%2Ftags&post=6221"}],"curies":[{"name":"wp","href":"https:\/\/api.w.org\/{rel}","templated":true}]}}