{"id":6197,"date":"2026-02-28T19:14:29","date_gmt":"2026-02-28T18:14:29","guid":{"rendered":"https:\/\/milosierdzienagorki.pl\/?p=6197"},"modified":"2026-02-28T19:14:29","modified_gmt":"2026-02-28T18:14:29","slug":"ogloszenia-1-03-2026r","status":"publish","type":"post","link":"http:\/\/milosierdzienagorki.pl\/?p=6197","title":{"rendered":"OG\u0141OSZENIA &#8211; 1.03.2026r."},"content":{"rendered":"\n<p class=\"has-text-align-center has-vivid-red-color has-text-color\">OG\u0141OSZENIA PARAFIALNE<\/p>\n\n\n\n<p class=\"has-text-align-center has-vivid-red-color has-text-color\">II NIEDZIELA WIELKIEGO POSTU \u2013 01.03. 2026 r.<\/p>\n\n\n\n<p><\/p>\n\n\n\n<ul>\n<li>W okresie Wielkiego Postu w ka\u017cdy pi\u0105tek w naszym ko\u015bciele nabo\u017ce\u0144stwa Drogi Krzy\u017cowej wed\u0142ug nast\u0119puj\u0105cego porz\u0105dku:<\/li>\n<\/ul>\n\n\n\n<ul>\n<li>14:30 \u2013 Droga Krzy\u017cowa z koronk\u0105 do Bo\u017cego Mi\u0142osierdzia;<\/li>\n\n\n\n<li>16:30 \u2013 Droga Krzy\u017cowa z udzia\u0142em dzieci;<\/li>\n\n\n\n<li>18:00 \u2013 Droga Krzy\u017cowa z udzia\u0142em m\u0142odzie\u017cy i doros\u0142ych.<\/li>\n<\/ul>\n\n\n\n<ul>\n<li>W ka\u017cd\u0105 niedziel\u0119 natomiast o godz. 17:30 zapraszamy na nabo\u017ce\u0144stwo Gorzkich \u017bali z kazaniem pasyjnym.<\/li>\n<\/ul>\n\n\n\n<ul>\n<li>W naszym ko\u015bciele rekolekcje wielkopostne dla og\u00f3\u0142u wiernych i dzieci ucz\u0105cych si\u0119 w szko\u0142ach na terenie naszej parafii&nbsp; rozpoczn\u0105 si\u0119 &nbsp;za tydzie\u0144 w III niedziel\u0119 Wielkiego Postu i poprowadzi je kanonik regularny ks. Rafa\u0142 Przestrzelski, kt\u00f3ry duszpastersko pos\u0142uguje w gietrzwa\u0142dzkim sanktuarium.&nbsp;&nbsp;&nbsp;&nbsp;&nbsp;<\/li>\n<\/ul>\n\n\n\n<ul>\n<li>7 marca w sobot\u0119 zapraszamy na parafialny &#8211; autokarowy wyjazd do Kalawarii w Glotowie na Nabo\u017ce\u0144stwo Drogi Krzy\u017cowej. Zapisy w kancelarii parafialnej. Koszt 40 z\u0142. Dzieci i m\u0142odzie\u017c zaanga\u017cowani z \u017cycie duszpasterskie naszej parafii&nbsp; p\u0142ac\u0105 symboliczne 10 z\u0142. Reszt\u0119 koszt\u00f3w pokryjemy z 1,5 % podatku, kt\u00f3ry wierni przekazuj\u0105 na cele m\u0142odzie\u017cy. Wyjazd w sobot\u0119 o godz. 8.00 z p\u0119tli autobusowej po wcze\u015bniejszym zapisaniu i uiszczeniu op\u0142aty.<\/li>\n<\/ul>\n\n\n\n<ul>\n<li>Do puszek wmurowanych przy wyj\u015bciu z ko\u015bcio\u0142a zbieramy ofiary na kwiaty do Grobu Pa\u0144skiego i \u015bwi\u0105teczny wystr\u00f3j ko\u015bcio\u0142a. Dzi\u0119kujemy za wsp\u00f3ln\u0105 trosk\u0119 o pi\u0119kno \u015bwi\u0105tyni.&nbsp;<\/li>\n<\/ul>\n\n\n\n<ul>\n<li>W najbli\u017cszy czwartek, jak w ka\u017cdy pierwszy czwartek miesi\u0105ca, wierni \u015bwieccy od godz. 23.00 do 24.00 podejm\u0105 w Kaplicy Adoracji nocne czuwanie przed Naj\u015bwi\u0119tszym Sakramentem w intencji rodzin i kap\u0142an\u00f3w. Zapraszamy do wsp\u00f3lnej modlitwy.<\/li>\n<\/ul>\n\n\n\n<ul>\n<li>W tym tygodniu przypada pierwszy pi\u0105tek miesi\u0105ca. O godz. 14.45 zapraszamy na nabo\u017ce\u0144stwo do Mi\u0142osierdzia Bo\u017cego. O godz. 15. 15 Msza \u015bwi\u0119ta zbiorowa do Mi\u0142osierdzia Bo\u017cego. Intencje mo\u017cna zostawia\u0107 w zakrystii i kancelarii parafialnej. Tego dnia odwiedzimy chorych w ich domach z pos\u0142ug\u0105 sakramentaln\u0105. W pierwszy pi\u0105tek miesi\u0105ca mo\u017cliwo\u015b\u0107 skorzystania z Sakramentu Pokuty i Pojednania podczas ka\u017cdej Mszy \u015bwi\u0119tej.<\/li>\n<\/ul>\n\n\n\n<ul>\n<li>W najbli\u017csz\u0105 sobot\u0119 przypada tak\u017ce pierwsza sobota miesi\u0105ca. O godz. 15.15 Msza \u015bw. w intencji cz\u0142onk\u00f3w wsp\u00f3lnoty \u201e\u017bywego R\u00f3\u017ca\u0144ca\u201d, natomiast po niej nabo\u017ce\u0144stwo wynagradzaj\u0105ce do Niepokalanego Serca Naj\u015bwi\u0119tszej Maryi Panny.&nbsp;&nbsp;&nbsp;<\/li>\n<\/ul>\n\n\n\n<ul>\n<li>Zwracamy si\u0119 z pro\u015bb\u0105, aby przekazywa\u0107 do kancelarii parafialnej niepotrzebne alby komunijne, kt\u00f3re udost\u0119pnimy dzieciom, przegotowuj\u0105cym si\u0119 do I Komunii \u015bwi\u0119tej.&nbsp;<\/li>\n<\/ul>\n\n\n\n<ul>\n<li>Zwracamy si\u0119 z pro\u015bb\u0105, aby przy okazji rozliczania podatku, przekaza\u0107 1,5 procenta na Caritas Archidiecezji Warmi\u0144skiej z dopiskiem \u201eNag\u00f3rki\u201d. Z uzyskanych w ten spos\u00f3b \u015brodk\u00f3w b\u0119dziemy mogli wesprze\u0107 dzieci i m\u0142odzie\u017c w organizowanych przez parafi\u0119 inicjatywach duszpasterskich. Na stoliku przy wyj\u015bciu z ko\u015bcio\u0142a s\u0105 do zabrania ulotki z numerem KRS.&nbsp;<\/li>\n<\/ul>\n\n\n\n<ul>\n<li>Dzi\u015b po Mszy \u015bwi\u0119tej o godz. 10.00 zapraszamy do Oratorium \u015bw. Carla Acutisa wszystkie dzieci wraz z rodzicami na rodzinne spotkanie. Zosta\u0142y przygotowane tosty, hot-dogi, gofry, kaw\u0119 oraz inne s\u0142odko\u015bci.&nbsp; &nbsp;&nbsp;<\/li>\n<\/ul>\n\n\n\n<ul>\n<li>Zach\u0119camy do nabywania prasy katolickiej. Nowy numer Go\u015bcia Niedzielnego w cenie 10 z\u0142.&nbsp;<\/li>\n<\/ul>\n\n\n\n<ul>\n<li>Dzi\u015b po Mszach \u015bwi\u0119tych cz\u0142onkowie wsp\u00f3lnoty \u201eSilni Bogiem\u201d b\u0119d\u0105 zbierali ofiary do puszek na wsparcie dzie\u0142a misyjnego \u201eAd Gentes\u201d.<\/li>\n<\/ul>\n\n\n\n<ul>\n<li>Dzi\u0119kujemy naszym wolontariuszom za pomoc w sprz\u0105taniu Ko\u015bcio\u0142a. Dzi\u0119kujemy za pos\u0142ug\u0119 w zakrystii, kancelarii i oratorium oraz osobom, kt\u00f3re pomagaj\u0105 przy od\u015bnie\u017caniu.<\/li>\n<\/ul>\n\n\n\n<ul>\n<li>Naszym parafianom i go\u015bciom \u017cyczymy owocnego przezywania czasu adwentu.<\/li>\n<\/ul>\n","protected":false},"excerpt":{"rendered":"<p>OG\u0141OSZENIA PARAFIALNE II NIEDZIELA WIELKIEGO POSTU \u2013 01.03. 2026 r.<\/p>\n","protected":false},"author":4,"featured_media":0,"comment_status":"closed","ping_status":"open","sticky":false,"template":"","format":"standard","meta":[],"categories":[102,101],"tags":[],"_links":{"self":[{"href":"http:\/\/milosierdzienagorki.pl\/index.php?rest_route=\/wp\/v2\/posts\/6197"}],"collection":[{"href":"http:\/\/milosierdzienagorki.pl\/index.php?rest_route=\/wp\/v2\/posts"}],"about":[{"href":"http:\/\/milosierdzienagorki.pl\/index.php?rest_route=\/wp\/v2\/types\/post"}],"author":[{"embeddable":true,"href":"http:\/\/milosierdzienagorki.pl\/index.php?rest_route=\/wp\/v2\/users\/4"}],"replies":[{"embeddable":true,"href":"http:\/\/milosierdzienagorki.pl\/index.php?rest_route=%2Fwp%2Fv2%2Fcomments&post=6197"}],"version-history":[{"count":19,"href":"http:\/\/milosierdzienagorki.pl\/index.php?rest_route=\/wp\/v2\/posts\/6197\/revisions"}],"predecessor-version":[{"id":6216,"href":"http:\/\/milosierdzienagorki.pl\/index.php?rest_route=\/wp\/v2\/posts\/6197\/revisions\/6216"}],"wp:attachment":[{"href":"http:\/\/milosierdzienagorki.pl\/index.php?rest_route=%2Fwp%2Fv2%2Fmedia&parent=6197"}],"wp:term":[{"taxonomy":"category","embeddable":true,"href":"http:\/\/milosierdzienagorki.pl\/index.php?rest_route=%2Fwp%2Fv2%2Fcategories&post=6197"},{"taxonomy":"post_tag","embeddable":true,"href":"http:\/\/milosierdzienagorki.pl\/index.php?rest_route=%2Fwp%2Fv2%2Ftags&post=6197"}],"curies":[{"name":"wp","href":"https:\/\/api.w.org\/{rel}","templated":true}]}}