{"id":6194,"date":"2026-02-28T18:53:44","date_gmt":"2026-02-28T17:53:44","guid":{"rendered":"https:\/\/milosierdzienagorki.pl\/?p=6194"},"modified":"2026-02-28T18:53:44","modified_gmt":"2026-02-28T17:53:44","slug":"intencje-1-03-2026r","status":"publish","type":"post","link":"http:\/\/milosierdzienagorki.pl\/?p=6194","title":{"rendered":"INTENCJE &#8211; 1.03.2026r."},"content":{"rendered":"\n<figure class=\"wp-block-table\"><table><tbody><tr><td colspan=\"3\"><strong>\u00a0<\/strong><strong>II NIEDZIELA WIELKIEGO POSTU &#8211; 01.03.2026 r.<\/strong><\/td><\/tr><tr><td><strong>07:00<\/strong><\/td><td>&nbsp;+ Miros\u0142aw Olszewski (29 greg.)<\/td><td><\/td><\/tr><tr><td><strong>08:30<\/strong><\/td><td>&nbsp;+ Miros\u0142aw Karczewski w 5 rocz. \u015bmierci i zmarli rodzice<\/td><td><\/td><\/tr><tr><td><strong>10:00<\/strong><\/td><td>&nbsp;+ Stanis\u0142awa (k), Dariusz, Edmund Aleksandrzak, Agnieszka J\u0119drzejewska (1 greg.)<\/td><td><\/td><\/tr><tr><td><strong>12:00<\/strong><\/td><td>&nbsp;+ Kazimierz Bara\u0144ski \/ Chrzest\/<\/td><td><strong>&nbsp;<\/strong><\/td><\/tr><tr><td><strong>15:15<\/strong><\/td><td>&nbsp;+ Tadeusz Bia\u0142czak w 5 rocz. \u015bmierci<\/td><td><\/td><\/tr><tr><td><strong>17:30<\/strong><\/td><td>Gorzkie \u017bale<\/td><td><strong>&nbsp;<\/strong><\/td><\/tr><tr><td><strong>18:00<\/strong><\/td><td>&nbsp;+ Jerzy D\u0105browski w 27 rocz. \u015bmierci<\/td><td><strong>&nbsp;<\/strong><\/td><\/tr><tr><td colspan=\"3\"><strong>PONIEDZIA\u0141EK &#8211; 02.03.2026 r.<\/strong><\/td><\/tr><tr><td><strong>07:00<\/strong><\/td><td>&nbsp;+ Stanis\u0142awa (k), Dariusz, Edmund Aleksandrzak, Agnieszka J\u0119drzejewska (2 greg.)<\/td><td><\/td><\/tr><tr><td><strong>07:00<\/strong><\/td><td>&nbsp;+ Waleria Duda i zmarli z rodziny Dymk\u00f3w, Dud\u00f3w, Kijk\u00f3w<\/td><td><\/td><\/tr><tr><td><strong>15:15<\/strong><\/td><td>&nbsp;+ Marianna D\u0119bowska w 11 rocz. \u015bmierci oraz zmarli z rodziny Lipi\u0144skich<\/td><td><\/td><\/tr><tr><td><strong>17:30<\/strong><\/td><td>&nbsp;+ Miros\u0142aw Olszewski (30 greg.)<\/td><td><\/td><\/tr><tr><td colspan=\"3\"><a><strong>&nbsp;<\/strong><\/a> <strong>WTOREK &#8211; 03.03.2026 r.<\/strong><\/td><\/tr><tr><td><strong>07:00<\/strong><\/td><td>+ J\u00f3zef Jonczyk, W\u0142adys\u0142awa Jonczyk<\/td><td><\/td><\/tr><tr><td><strong>07:00<\/strong><\/td><td>+ Stanis\u0142awa (k), Dariusz, Edmund Aleksandrzak, Agnieszka J\u0119drzejewska (3 greg.)<\/td><td><\/td><\/tr><tr><td><strong>15:15<\/strong><\/td><td>+ Marianna i Antoni Gali\u0144scy<\/td><td><\/td><\/tr><tr><td><strong>17:30<\/strong><\/td><td>+ Janina Kmiecik w 1 rocz. \u015bmierci<\/td><td><strong>&nbsp;<\/strong><\/td><\/tr><tr><td><strong>17:30<\/strong><\/td><td>+Jerzy Multan (Msza \u015bw. popogrzebowa)<\/td><td><strong>&nbsp;<\/strong><\/td><\/tr><tr><td colspan=\"3\"><strong>\u015aRODA- 04.03.02026<\/strong> <strong>\u015aW. KAZIMIERZA KR\u00d3LEWICZA, \u015aWI\u0118TO<\/strong><\/td><\/tr><tr><td><strong>07:00<\/strong><\/td><td>&nbsp;+ Stanis\u0142awa (k), Dariusz, Edmund Aleksandrzak, Agnieszka J\u0119drzejewska (4 greg.)<\/td><td><\/td><\/tr><tr><td><strong>07:00<\/strong><\/td><td>&nbsp;+ Kazimiera (k) i Aleksander Rogala<\/td><td><\/td><\/tr><tr><td><strong>15:15<\/strong><\/td><td>&nbsp;+ Krystyna Kulas, W\u0142adys\u0142awa Kulas<\/td><td><\/td><\/tr><tr><td><strong>17:30<\/strong><\/td><td>&nbsp;+ Antoni Mi\u0105sko, Zofia, Boles\u0142aw i Wac\u0142aw Groblewscy, Stanis\u0142awa (k) i Stanis\u0142aw Mi\u0105sko<\/td><td><\/td><\/tr><tr><td><strong>17:30<\/strong><\/td><td>&nbsp;O Bo\u017ce b\u0142og., potrzebne \u0142aski, opiek\u0119 Matki Bo\u017cej dla \u0141ukasza Kowalskiego z okazji 20 urodzin<\/td><td><\/td><\/tr><tr><td><strong>Po Mszy \u015bw.<\/strong><strong><\/strong><\/td><td><strong>Nabo\u017ce\u0144stwo do M. B. Nieustaj\u0105cej Pomocy<\/strong><\/td><td><\/td><\/tr><tr><td colspan=\"3\"><strong>CZWARTEK- 05.03.2026 r.<\/strong><\/td><\/tr><tr><td><strong>07:00<\/strong><\/td><td>&nbsp;+ W\u0142adys\u0142aw Mielnik (Msza \u015bw. popogrzebowa)<\/td><td><strong>&nbsp;<\/strong><\/td><\/tr><tr><td><strong>07:00<\/strong><\/td><td>&nbsp;+ Stanis\u0142awa (k), Dariusz, Edmund Aleksandrzak, Agnieszka J\u0119drzejewska (5 greg.)<\/td><td><strong>&nbsp;<\/strong><\/td><\/tr><tr><td><strong>8:30<\/strong><\/td><td>Spowied\u017a przed rekolekcjami w ZPE<\/td><td><strong>&nbsp;<\/strong><\/td><\/tr><tr><td><strong>15:15<\/strong><\/td><td>&nbsp;+ Franciszka (k) Kurpiewska i zmarli z rodziny<\/td><td><strong>&nbsp;<\/strong><\/td><\/tr><tr><td><strong>17:30<\/strong><\/td><td>&nbsp;+ Wincenty Astramowicz w 33 rocz. \u015bmierci<\/td><td><strong>&nbsp;<\/strong><\/td><\/tr><tr><td><strong>Po Mszy \u015bw.<\/strong><strong><\/strong><\/td><td><strong>Nabo\u017ce\u0144stwo za kap\u0142an\u00f3w<\/strong><\/td><td><strong>&nbsp;<\/strong><\/td><\/tr><tr><td colspan=\"3\"><strong>PI\u0104TEK &#8211; 06.03.2026 r.<\/strong> <strong>PIERWSZY PI\u0104TEK MIESI\u0104CA<\/strong><\/td><\/tr><tr><td><strong>07:00<\/strong><\/td><td>&nbsp;+ Stanis\u0142awa (k), Dariusz, Edmund Aleksandrzak, Agnieszka J\u0119drzejewska (6 greg.)<\/td><td><strong>&nbsp;<\/strong><\/td><\/tr><tr><td><strong>07:00<\/strong><\/td><td>&nbsp;Msza \u015bw. w intencji parafian<\/td><td><strong>&nbsp;<\/strong><\/td><\/tr><tr><td><strong>14:30<\/strong><\/td><td><strong>&nbsp;Droga Krzy\u017cowa z koronk\u0105 do Mi\u0142osierdzia Bo\u017cego<\/strong><\/td><td><strong>&nbsp;<\/strong><\/td><\/tr><tr><td><strong>15:15<\/strong><\/td><td>&nbsp;&nbsp;Msza \u015bw. zbiorowa do Mi\u0142osierdzia Bo\u017cego<\/td><td><strong>&nbsp;<\/strong><\/td><\/tr><tr><td><strong>16:30<\/strong><\/td><td>&nbsp;<strong>Droga Krzy\u017cowa dla dzieci<\/strong><\/td><td><strong>&nbsp;<\/strong><\/td><\/tr><tr><td><strong>17:30<\/strong><\/td><td>&nbsp;+ Marian Michalak w kolejn\u0105 rocz. \u015bmierci, zmarli rodzice Stanis\u0142aw i Zofia<\/td><td><strong>&nbsp;<\/strong><\/td><\/tr><tr><td><strong>18:00<\/strong><\/td><td>&nbsp;<strong>Droga Krzy\u017cowa<\/strong><\/td><td><strong>&nbsp;<\/strong><\/td><\/tr><tr><td colspan=\"3\"><strong>SOBOTA &#8211; 07.03.2026 r.<\/strong><\/td><\/tr><tr><td><strong>07:00<\/strong><\/td><td>&nbsp;+ Stanis\u0142awa (k), Dariusz, Edmund Aleksandrzak, Agnieszka J\u0119drzejewska (7 greg.)<\/td><td><strong>&nbsp;<\/strong><\/td><\/tr><tr><td><strong>8:30<\/strong><\/td><td>&nbsp;WYJAZD NA DROGE KRZY\u017bOW\u0104 DO GLOTOWA<\/td><td><strong>&nbsp;<\/strong><\/td><\/tr><tr><td><strong>15:15<\/strong><\/td><td>&nbsp;Msza \u015bw. w intencji cz\u0142onk\u00f3w \u017bywego R\u00f3\u017ca\u0144ca<\/td><td><strong>&nbsp;<\/strong><\/td><\/tr><tr><td><strong>17:30<\/strong><\/td><td>&nbsp;+ Z rodziny Su\u0142kowskich: Lech w 13 rocz. \u015bmierci, Roman i Janina w 25 rocz. \u015bmierci, z rodziny: Jab\u0142o\u0144skich: Edward, Jadwiga w 18 rocz. \u015bmierci, Jan w 32 rocz. \u015bmierci<\/td><td><strong>&nbsp;<\/strong><\/td><\/tr><tr><td><strong>17:30<\/strong><\/td><td>+ Danuta Haraburda w 3 rocz. \u015bmierci<\/td><td><strong>&nbsp;<\/strong><\/td><\/tr><\/tbody><\/table><\/figure>\n","protected":false},"excerpt":{"rendered":"<p>\u00a0II NIEDZIELA WIELKIEGO POSTU &#8211; 01.03.2026 r. 07:00 &nbsp;+ Miros\u0142aw Olszewski (29 greg.) 08:30 &nbsp;+ Miros\u0142aw Karczewski w 5 rocz. \u015bmierci i zmarli rodzice 10:00 &nbsp;+ Stanis\u0142awa (k), Dariusz, Edmund Aleksandrzak, Agnieszka J\u0119drzejewska (1 greg.) 12:00 &nbsp;+ Kazimierz Bara\u0144ski \/ Chrzest\/ &nbsp; 15:15 &nbsp;+ Tadeusz Bia\u0142czak w 5 rocz. \u015bmierci 17:30 Gorzkie \u017bale &nbsp; 18:00 &#8230; <span class=\"more\"><a class=\"more-link\" href=\"http:\/\/milosierdzienagorki.pl\/?p=6194\">Wi\u0119cej&#8230;<\/a><\/span><\/p>\n","protected":false},"author":4,"featured_media":0,"comment_status":"closed","ping_status":"open","sticky":false,"template":"","format":"standard","meta":[],"categories":[103,101],"tags":[],"_links":{"self":[{"href":"http:\/\/milosierdzienagorki.pl\/index.php?rest_route=\/wp\/v2\/posts\/6194"}],"collection":[{"href":"http:\/\/milosierdzienagorki.pl\/index.php?rest_route=\/wp\/v2\/posts"}],"about":[{"href":"http:\/\/milosierdzienagorki.pl\/index.php?rest_route=\/wp\/v2\/types\/post"}],"author":[{"embeddable":true,"href":"http:\/\/milosierdzienagorki.pl\/index.php?rest_route=\/wp\/v2\/users\/4"}],"replies":[{"embeddable":true,"href":"http:\/\/milosierdzienagorki.pl\/index.php?rest_route=%2Fwp%2Fv2%2Fcomments&post=6194"}],"version-history":[{"count":2,"href":"http:\/\/milosierdzienagorki.pl\/index.php?rest_route=\/wp\/v2\/posts\/6194\/revisions"}],"predecessor-version":[{"id":6196,"href":"http:\/\/milosierdzienagorki.pl\/index.php?rest_route=\/wp\/v2\/posts\/6194\/revisions\/6196"}],"wp:attachment":[{"href":"http:\/\/milosierdzienagorki.pl\/index.php?rest_route=%2Fwp%2Fv2%2Fmedia&parent=6194"}],"wp:term":[{"taxonomy":"category","embeddable":true,"href":"http:\/\/milosierdzienagorki.pl\/index.php?rest_route=%2Fwp%2Fv2%2Fcategories&post=6194"},{"taxonomy":"post_tag","embeddable":true,"href":"http:\/\/milosierdzienagorki.pl\/index.php?rest_route=%2Fwp%2Fv2%2Ftags&post=6194"}],"curies":[{"name":"wp","href":"https:\/\/api.w.org\/{rel}","templated":true}]}}