{"id":6185,"date":"2026-02-22T11:28:03","date_gmt":"2026-02-22T10:28:03","guid":{"rendered":"http:\/\/milosierdzienagorki.pl\/?p=6185"},"modified":"2026-02-22T11:28:24","modified_gmt":"2026-02-22T10:28:24","slug":"6185","status":"publish","type":"post","link":"http:\/\/milosierdzienagorki.pl\/?p=6185","title":{"rendered":"OG\u0141OSZENIA &#8211; 22.02.2026r."},"content":{"rendered":"<p style=\"text-align: justify;\"><span style=\"color: #000000;\"><strong>\u00a0<\/strong><\/span><\/p>\n<p style=\"text-align: center;\"><span style=\"color: #ff0000;\"><strong>OG\u0141OSZENIA PARAFIALNE<\/strong><\/span><\/p>\n<p style=\"text-align: center;\"><span style=\"color: #ff0000;\"><strong>I NIEDZIELA WIELKIEGO POSTU \u2013 22.02.2026 r.<\/strong><\/span><\/p>\n<ol>\n<li style=\"text-align: justify;\"><span style=\"color: #000000;\">W okresie Wielkiego Postu w ka\u017cdy pi\u0105tek w naszym ko\u015bciele nabo\u017ce\u0144stwa Drogi Krzy\u017cowej wed\u0142ug nast\u0119puj\u0105cego porz\u0105dku:<\/span><br \/>\n<span style=\"color: #000000;\">14:30 \u2013 Droga Krzy\u017cowa z koronk\u0105 do Bo\u017cego Mi\u0142osierdzia;<\/span><br \/>\n<span style=\"color: #000000;\">16:30 \u2013 Droga Krzy\u017cowa z udzia\u0142em dzieci;<\/span><br \/>\n<span style=\"color: #000000;\">18:00 \u2013 Droga Krzy\u017cowa z udzia\u0142em m\u0142odzie\u017cy i doros\u0142ych.<\/span><\/li>\n<\/ol>\n<ol>\n<li style=\"text-align: justify;\"><span style=\"color: #000000;\">W ka\u017cd\u0105 niedziel\u0119 natomiast o godz. 17:30 zapraszamy na nabo\u017ce\u0144stwo Gorzkich \u017bali z kazaniem pasyjnym.<\/span><\/li>\n<\/ol>\n<ol>\n<li style=\"text-align: justify;\"><span style=\"color: #000000;\">W naszym ko\u015bciele rekolekcje wielkopostne dla og\u00f3\u0142u wiernych i dzieci ucz\u0105cych si\u0119 w szko\u0142ach na terenie naszej parafii rozpoczn\u0105 si\u0119 w III niedziel\u0119 Wielkiego Postu.\u00a0 \u00a0<\/span><\/li>\n<\/ol>\n<ol>\n<li style=\"text-align: justify;\"><span style=\"color: #000000;\">Przypominamy rodzicom dzieci przygotowuj\u0105cych si\u0119 do przyj\u0119cia I Komunii \u015bwi\u0119tej w naszej parafii o spotkaniach formacyjnych, kt\u00f3re odb\u0119d\u0105 si\u0119 w poniedzia\u0142ek i wtorek 23 \u2013 go i 24 \u2013 tego lutego o godz. 18.30 w naszym Ko\u015bciele. Obecno\u015b\u0107 jest obowi\u0105zkowa dlatego prosimy o dojrza\u0142e i odpowiedzialne podchodzenie do tych kwestii.<\/span><\/li>\n<\/ol>\n<ol>\n<li style=\"text-align: justify;\"><span style=\"color: #000000;\">Zwracamy si\u0119 z pro\u015bb\u0105, aby przekazywa\u0107 do kancelarii parafialnej niepotrzebne alby komunijne, kt\u00f3re udost\u0119pnimy dzieciom, przegotowuj\u0105cym si\u0119 do I Komunii \u015bwi\u0119tej.<\/span><\/li>\n<\/ol>\n<ol>\n<li style=\"text-align: justify;\"><span style=\"color: #000000;\">Dzi\u015b po Mszy \u015bwi\u0119tej o godz. 10.00 zapraszamy do Oratorium \u015bw. Carla Acutisa wszystkie dzieci wraz z rodzicami na rodzinne spotkanie. Zosta\u0142y przygotowane zapiekanki, gofry, rurki z kremem oraz inne s\u0142odko\u015bci.\u00a0 \u00a0<\/span><\/li>\n<\/ol>\n<ol>\n<li style=\"text-align: justify;\"><span style=\"color: #000000;\">Zwracamy si\u0119 z pro\u015bb\u0105, aby przy okazji rozliczania podatku, przekaza\u0107 1,5 procenta na Caritas Archidiecezji Warmi\u0144skiej <strong>z dopiskiem \u201eNag\u00f3rki\u201d<\/strong>. Z uzyskanych w ten spos\u00f3b \u015brodk\u00f3w b\u0119dziemy mogli wesprze\u0107 dzieci i m\u0142odzie\u017c w organizowanych przez parafi\u0119 inicjatywach duszpasterskich. <strong>Na stoliku przy wyj\u015bciu z ko\u015bcio\u0142a s\u0105 do zabrania ulotki z numerem KRS.<\/strong><\/span><\/li>\n<\/ol>\n<ol>\n<li style=\"text-align: justify;\"><span style=\"color: #000000;\">Zach\u0119camy do nabywania prasy katolickiej. Nowy numer Go\u015bcia Niedzielnego w cenie 10 z\u0142.<\/span><\/li>\n<\/ol>\n<ol>\n<li style=\"text-align: justify;\"><span style=\"color: #000000;\">Dzi\u015b o godz. o godz. 18.00 zostanie odprawiona Msza \u015bwi\u0119ta zbiorowa w intencji zmar\u0142ych w miesi\u0105cu lutym. Intencje mo\u017cna sk\u0142ada\u0107 w zakrystii.<\/span><\/li>\n<\/ol>\n<ol>\n<li style=\"text-align: justify;\"><span style=\"color: #000000;\">Dzi\u015b o godz. 19.00 zapraszamy na wiecz\u00f3r uwielbienia, Adoracj\u0119 NS.<\/span><\/li>\n<\/ol>\n<ol>\n<li style=\"text-align: justify;\"><span style=\"color: #000000;\">W najbli\u017cszy czwartek, jak w ka\u017cdy ostatni czwartek miesi\u0105ca, zapraszamy na kolejne spotkanie wsp\u00f3lnoty m\u0119\u017cczyzn \u201eSilni Bogiem\u201d. Zapraszamy ch\u0119tnych nowych m\u0119\u017cczyzn, kt\u00f3rzy pragn\u0105 pog\u0142\u0119bia\u0107 swoj\u0105 wiar\u0119.<\/span><\/li>\n<\/ol>\n<ol>\n<li style=\"text-align: justify;\"><span style=\"color: #000000;\">Przypominamy, aby osoby zapisane na pielgrzymk\u0119 do Fatimy do ko\u0144ca lutego wp\u0142aci\u0142y w kancelarii parafialnej pozosta\u0142\u0105 kwot\u0119 za wyjazd. Informujemy, \u017ce nie ma ju\u017c miejsc na pielgrzymk\u0119.\u00a0<\/span><\/li>\n<\/ol>\n<ol>\n<li style=\"text-align: justify;\"><span style=\"color: #000000;\">Dzi\u0119kujemy naszym wolontariuszom za pomoc w sprz\u0105taniu Ko\u015bcio\u0142a. Dzi\u0119kujemy za pos\u0142ug\u0119 w zakrystii, kancelarii i oratorium oraz osobom, kt\u00f3re pomagaj\u0105 przy od\u015bnie\u017caniu.<\/span><\/li>\n<\/ol>\n<ol>\n<li style=\"text-align: justify;\"><span style=\"color: #000000;\">Naszym parafianom i go\u015bciom \u017cyczymy opieki Matki Bo\u017cej, pokoju serca i wielu \u0142ask Bo\u017cych na ka\u017cdy dzie\u0144.<\/span><\/li>\n<\/ol>\n","protected":false},"excerpt":{"rendered":"<p>\u00a0 OG\u0141OSZENIA PARAFIALNE I NIEDZIELA WIELKIEGO POSTU \u2013 22.02.2026 r. W okresie Wielkiego Postu w ka\u017cdy pi\u0105tek w naszym ko\u015bciele nabo\u017ce\u0144stwa Drogi Krzy\u017cowej wed\u0142ug nast\u0119puj\u0105cego porz\u0105dku: 14:30 \u2013 Droga Krzy\u017cowa z koronk\u0105 do Bo\u017cego Mi\u0142osierdzia; 16:30 \u2013 Droga Krzy\u017cowa z udzia\u0142em dzieci; 18:00 \u2013 Droga Krzy\u017cowa z udzia\u0142em m\u0142odzie\u017cy i doros\u0142ych. W ka\u017cd\u0105 niedziel\u0119 natomiast &#8230; <span class=\"more\"><a class=\"more-link\" href=\"http:\/\/milosierdzienagorki.pl\/?p=6185\">Wi\u0119cej&#8230;<\/a><\/span><\/p>\n","protected":false},"author":4,"featured_media":0,"comment_status":"closed","ping_status":"open","sticky":false,"template":"","format":"standard","meta":[],"categories":[102,101],"tags":[],"_links":{"self":[{"href":"http:\/\/milosierdzienagorki.pl\/index.php?rest_route=\/wp\/v2\/posts\/6185"}],"collection":[{"href":"http:\/\/milosierdzienagorki.pl\/index.php?rest_route=\/wp\/v2\/posts"}],"about":[{"href":"http:\/\/milosierdzienagorki.pl\/index.php?rest_route=\/wp\/v2\/types\/post"}],"author":[{"embeddable":true,"href":"http:\/\/milosierdzienagorki.pl\/index.php?rest_route=\/wp\/v2\/users\/4"}],"replies":[{"embeddable":true,"href":"http:\/\/milosierdzienagorki.pl\/index.php?rest_route=%2Fwp%2Fv2%2Fcomments&post=6185"}],"version-history":[{"count":7,"href":"http:\/\/milosierdzienagorki.pl\/index.php?rest_route=\/wp\/v2\/posts\/6185\/revisions"}],"predecessor-version":[{"id":6192,"href":"http:\/\/milosierdzienagorki.pl\/index.php?rest_route=\/wp\/v2\/posts\/6185\/revisions\/6192"}],"wp:attachment":[{"href":"http:\/\/milosierdzienagorki.pl\/index.php?rest_route=%2Fwp%2Fv2%2Fmedia&parent=6185"}],"wp:term":[{"taxonomy":"category","embeddable":true,"href":"http:\/\/milosierdzienagorki.pl\/index.php?rest_route=%2Fwp%2Fv2%2Fcategories&post=6185"},{"taxonomy":"post_tag","embeddable":true,"href":"http:\/\/milosierdzienagorki.pl\/index.php?rest_route=%2Fwp%2Fv2%2Ftags&post=6185"}],"curies":[{"name":"wp","href":"https:\/\/api.w.org\/{rel}","templated":true}]}}