{"id":6183,"date":"2026-02-22T11:21:07","date_gmt":"2026-02-22T10:21:07","guid":{"rendered":"http:\/\/milosierdzienagorki.pl\/?p=6183"},"modified":"2026-02-22T11:21:07","modified_gmt":"2026-02-22T10:21:07","slug":"intencje-22-02-2026r","status":"publish","type":"post","link":"http:\/\/milosierdzienagorki.pl\/?p=6183","title":{"rendered":"INTENCJE &#8211; 22.02.2026r."},"content":{"rendered":"<p><span style=\"color: #000000;\"><strong>\u00a0<\/strong><\/span><\/p>\n<table width=\"103%\">\n<tbody>\n<tr>\n<td colspan=\"3\" width=\"100%\"><span style=\"color: #000000;\"><strong>\u00a0<\/strong><strong>I NIEDZIELA WIELKIEGO POSTU &#8211; 22.02.2026 r.<\/strong><\/span><\/td>\n<\/tr>\n<tr>\n<td width=\"12%\"><span style=\"color: #000000;\"><strong>07:00<\/strong><\/span><\/td>\n<td width=\"74%\"><span style=\"color: #000000;\">\u00a0+ Miros\u0142aw Olszewski (22 greg.)<\/span><\/td>\n<td width=\"12%\"><span style=\"color: #000000;\">\u00a0<\/span><\/td>\n<\/tr>\n<tr>\n<td width=\"12%\"><span style=\"color: #000000;\"><strong>08:30<\/strong><\/span><\/td>\n<td width=\"74%\"><span style=\"color: #000000;\">\u00a0O Bo\u017ce b\u0142og. i potrzebne \u0142aski dla Jolanty i Waldemara Mi\u0105sko<\/span><\/td>\n<td width=\"12%\"><span style=\"color: #000000;\">\u00a0<\/span><\/td>\n<\/tr>\n<tr>\n<td width=\"12%\"><span style=\"color: #000000;\"><strong>10:00<\/strong><\/span><\/td>\n<td width=\"74%\"><span style=\"color: #000000;\">\u00a0+ Stanis\u0142aw, Roman So\u0142tysiak w kolejne rocz. \u015bmierci<\/span><\/td>\n<td width=\"12%\"><span style=\"color: #000000;\">\u00a0<\/span><\/td>\n<\/tr>\n<tr>\n<td width=\"12%\"><span style=\"color: #000000;\"><strong>12:00<\/strong><\/span><\/td>\n<td width=\"74%\"><span style=\"color: #000000;\">\u00a0W intencji Parafian<\/span><\/td>\n<td width=\"12%\"><span style=\"color: #000000;\"><strong>\u00a0<\/strong><\/span><\/td>\n<\/tr>\n<tr>\n<td width=\"12%\"><span style=\"color: #000000;\"><strong>15:15<\/strong><\/span><\/td>\n<td width=\"74%\"><span style=\"color: #000000;\">\u00a0+ Czes\u0142aw i Stanis\u0142awa Barcikowscy<\/span><\/td>\n<td width=\"12%\"><span style=\"color: #000000;\">\u00a0<\/span><\/td>\n<\/tr>\n<tr>\n<td width=\"12%\"><span style=\"color: #000000;\"><strong>17.30<\/strong><\/span><\/td>\n<td width=\"74%\"><span style=\"color: #000000;\">NABO\u017bE\u0143STWO GORZKICH \u017bALI<\/span><\/td>\n<td width=\"12%\"><span style=\"color: #000000;\"><strong>\u00a0<\/strong><\/span><\/td>\n<\/tr>\n<tr>\n<td width=\"12%\"><span style=\"color: #000000;\"><strong>18:00<\/strong><\/span><\/td>\n<td width=\"74%\"><span style=\"color: #000000;\">\u00a0Msza \u015bwi\u0119ta zbiorowa z zmar\u0142ych w miesi\u0105cu lutym<\/span><\/td>\n<td width=\"12%\"><span style=\"color: #000000;\"><strong>\u00a0<\/strong><\/span><\/td>\n<\/tr>\n<tr>\n<td colspan=\"3\" width=\"100%\"><span style=\"color: #000000;\"><strong>\u00a0<\/strong><strong>PONIEDZIA\u0141EK &#8211; 23.02.2026 r.<\/strong><\/span><\/td>\n<\/tr>\n<tr>\n<td width=\"12%\"><span style=\"color: #000000;\"><strong>07:00<\/strong><\/span><\/td>\n<td width=\"74%\"><span style=\"color: #000000;\">\u00a0+ Miros\u0142aw Olszewski\u00a0 (23greg.)<\/span><\/td>\n<td width=\"12%\"><span style=\"color: #000000;\">\u00a0<\/span><\/td>\n<\/tr>\n<tr>\n<td width=\"12%\"><span style=\"color: #000000;\"><strong>07:00<\/strong><\/span><\/td>\n<td width=\"74%\"><span style=\"color: #000000;\">\u00a0+ Tadeusz Sonnak, Sabina Sonnak<\/span><\/td>\n<td width=\"12%\"><span style=\"color: #000000;\">\u00a0<\/span><\/td>\n<\/tr>\n<tr>\n<td width=\"12%\"><span style=\"color: #000000;\"><strong>15:15<\/strong><\/span><\/td>\n<td width=\"74%\"><span style=\"color: #000000;\">O Bo\u017ce b\u0142og. i potrzebne \u0142aski dla Ludwiki (k) Daliki z okazji urodzin<\/span><\/td>\n<td width=\"12%\"><span style=\"color: #000000;\">\u00a0<\/span><\/td>\n<\/tr>\n<tr>\n<td width=\"12%\"><span style=\"color: #000000;\"><strong>17:30<\/strong><\/span><\/td>\n<td width=\"74%\"><span style=\"color: #000000;\">\u00a0+ Leszek Szostak<\/span><\/td>\n<td width=\"12%\"><span style=\"color: #000000;\">\u00a0<\/span><\/td>\n<\/tr>\n<tr>\n<td width=\"12%\"><span style=\"color: #000000;\"><strong>17:30<\/strong><\/span><\/td>\n<td width=\"74%\"><span style=\"color: #000000;\">+ Msza \u015bwi\u0119ta za \u017cywych i zmar\u0142ych cz\u0142onk\u00f3w Apostolstwa Dobrej \u015amierci<\/span><\/td>\n<td width=\"12%\"><span style=\"color: #000000;\">\u00a0<\/span><\/td>\n<\/tr>\n<tr>\n<td width=\"12%\"><span style=\"color: #000000;\"><strong>18:30<\/strong><\/span><\/td>\n<td width=\"74%\"><span style=\"color: #000000;\">Spotkanie z rodzicami dzieci pierwszo-komunijnych SP 12<\/span><\/td>\n<td width=\"12%\"><span style=\"color: #000000;\">\u00a0<\/span><\/td>\n<\/tr>\n<tr>\n<td colspan=\"3\" width=\"100%\"><span style=\"color: #000000;\"><strong>\u00a0<\/strong><strong>WTOREK &#8211; 24.02.2026 r.<\/strong><\/span><\/td>\n<\/tr>\n<tr>\n<td width=\"12%\"><span style=\"color: #000000;\"><strong>07.00<\/strong><\/span><\/td>\n<td width=\"74%\"><span style=\"color: #000000;\">\u00a0+ Miros\u0142aw Olszewski (24 greg.)<\/span><\/td>\n<td width=\"12%\"><span style=\"color: #000000;\">\u00a0<\/span><\/td>\n<\/tr>\n<tr>\n<td width=\"12%\"><span style=\"color: #000000;\"><strong>07:00<\/strong><\/span><\/td>\n<td width=\"74%\"><span style=\"color: #000000;\">\u00a0+ Edward Rogalski (Msza \u015bw. popogrzebowa)<\/span><\/td>\n<td width=\"12%\"><span style=\"color: #000000;\">\u00a0<\/span><\/td>\n<\/tr>\n<tr>\n<td width=\"12%\"><span style=\"color: #000000;\"><strong>15:15<\/strong><\/span><\/td>\n<td width=\"74%\"><span style=\"color: #000000;\">+ Maria i Leo Orlikowscy oraz Edwin, Bruno, Leon, Irena, Ilona<\/span><\/td>\n<td width=\"12%\"><span style=\"color: #000000;\">\u00a0<\/span><\/td>\n<\/tr>\n<tr>\n<td width=\"12%\"><span style=\"color: #000000;\"><strong>17:30<\/strong><\/span><\/td>\n<td width=\"74%\"><span style=\"color: #000000;\">O Bo\u017ce b\u0142ogos\u0142awie\u0144stwo i potrzebne \u0142aski dla Damiana z okazji 50 urodzin<\/span><\/td>\n<td width=\"12%\"><span style=\"color: #000000;\"><strong>\u00a0<\/strong><\/span><\/td>\n<\/tr>\n<tr>\n<td width=\"12%\"><span style=\"color: #000000;\"><strong>18:30<\/strong><\/span><\/td>\n<td width=\"74%\"><span style=\"color: #000000;\">Spotkanie z rodzicami dzieci pierwszo-komunijnych SP 25<\/span><\/td>\n<td width=\"12%\"><span style=\"color: #000000;\"><strong>\u00a0<\/strong><\/span><\/td>\n<\/tr>\n<tr>\n<td colspan=\"3\" width=\"100%\"><span style=\"color: #000000;\"><strong>\u00a0<\/strong><strong>\u015aRODA &#8211; 25.02.2026 r.<\/strong><\/span><\/td>\n<\/tr>\n<tr>\n<td width=\"12%\"><span style=\"color: #000000;\"><strong>07:00<\/strong><\/span><\/td>\n<td width=\"74%\"><span style=\"color: #000000;\">\u00a0+ Miros\u0142aw Olszewski (25 greg.)<\/span><\/td>\n<td width=\"12%\"><span style=\"color: #000000;\">\u00a0<\/span><\/td>\n<\/tr>\n<tr>\n<td width=\"12%\"><span style=\"color: #000000;\"><strong>07:00<\/strong><\/span><\/td>\n<td width=\"74%\"><span style=\"color: #000000;\">\u00a0+ Jerzy Bia\u0142czak (Msza \u015bw. popogrzebowa)<\/span><\/td>\n<td width=\"12%\"><span style=\"color: #000000;\">\u00a0<\/span><\/td>\n<\/tr>\n<tr>\n<td width=\"12%\"><span style=\"color: #000000;\"><strong>15:15<\/strong><\/span><\/td>\n<td width=\"74%\"><span style=\"color: #000000;\">+ Teresa Siemaszko (Msza \u015bw. popogrzebowa)<\/span><\/td>\n<td width=\"12%\"><span style=\"color: #000000;\">\u00a0<\/span><\/td>\n<\/tr>\n<tr>\n<td width=\"12%\"><span style=\"color: #000000;\"><strong>17:30<\/strong><\/span><\/td>\n<td width=\"74%\"><span style=\"color: #000000;\">\u00a0+ Jadwiga Wi\u015bniewska w 26 rocz. \u015bmierci, Albin Szymonowicz<\/span><\/td>\n<td width=\"12%\"><span style=\"color: #000000;\">\u00a0<\/span><\/td>\n<\/tr>\n<tr>\n<td width=\"12%\"><span style=\"color: #000000;\"><strong>Po Mszy \u015bw.<\/strong><\/span><\/td>\n<td width=\"74%\"><span style=\"color: #000000;\"><strong>Nabo\u017ce\u0144stwo do M. B. Nieustaj\u0105cej Pomocy<\/strong><\/span><\/td>\n<td width=\"12%\"><span style=\"color: #000000;\">\u00a0<\/span><\/td>\n<\/tr>\n<tr>\n<td colspan=\"3\" width=\"100%\"><span style=\"color: #000000;\"><strong>\u00a0<\/strong><strong>\u00a0<\/strong><strong>\u00a0<\/strong><strong>CZWARTEK- 26.02.2026 r.<\/strong><\/span><\/td>\n<\/tr>\n<tr>\n<td width=\"12%\"><span style=\"color: #000000;\"><strong>07:00<\/strong><\/span><\/td>\n<td width=\"74%\"><span style=\"color: #000000;\">\u00a0+ Miros\u0142aw Olszewski (26 greg.)<\/span><\/td>\n<td width=\"12%\"><span style=\"color: #000000;\"><strong>\u00a0<\/strong><\/span><\/td>\n<\/tr>\n<tr>\n<td width=\"12%\"><span style=\"color: #000000;\"><strong>15:15<\/strong><\/span><\/td>\n<td width=\"74%\"><span style=\"color: #000000;\">\u00a0+ Leszek Nidzgorski (int. od s\u0105siad\u00f3w)<\/span><\/td>\n<td width=\"12%\"><span style=\"color: #000000;\"><strong>\u00a0<\/strong><\/span><\/td>\n<\/tr>\n<tr>\n<td width=\"12%\"><span style=\"color: #000000;\"><strong>17:30<\/strong><\/span><\/td>\n<td width=\"74%\"><span style=\"color: #000000;\">O Bo\u017ce b\u0142og. dla cz\u0142onk\u00f3w wsp\u00f3lnoty Silni Bogiem oraz ich rodzin<\/span><\/td>\n<td width=\"12%\"><span style=\"color: #000000;\"><strong>\u00a0<\/strong><\/span><\/td>\n<\/tr>\n<tr>\n<td width=\"12%\"><span style=\"color: #000000;\"><strong>17:30<\/strong><\/span><\/td>\n<td width=\"74%\"><span style=\"color: #000000;\">O Bo\u017ce b\u0142og., opiek\u0119 Matki Bo\u017cej, potrzebne \u0142aski, dla Aleksandra, Heleny, Kazimierza i ich rodzin<\/span><\/td>\n<td width=\"12%\"><span style=\"color: #000000;\"><strong>\u00a0<\/strong><\/span><\/td>\n<\/tr>\n<tr>\n<td width=\"12%\"><span style=\"color: #000000;\"><strong>Po Mszy \u015bw.<\/strong><\/span><\/td>\n<td width=\"74%\"><span style=\"color: #000000;\"><strong>Nabo\u017ce\u0144stwo za kap\u0142an\u00f3w<\/strong><\/span><\/td>\n<td width=\"12%\"><span style=\"color: #000000;\"><strong>\u00a0<\/strong><\/span><\/td>\n<\/tr>\n<tr>\n<td colspan=\"3\" width=\"100%\"><span style=\"color: #000000;\"><strong>\u00a0<\/strong><strong>\u00a0PI\u0104TEK &#8211; 27.02.2026 r.<\/strong><\/span><\/td>\n<\/tr>\n<tr>\n<td width=\"12%\"><span style=\"color: #000000;\"><strong>07:00<\/strong><\/span><\/td>\n<td width=\"74%\"><span style=\"color: #000000;\">\u00a0+ Miros\u0142aw Olszewski\u00a0 (27 greg.)<\/span><\/td>\n<td width=\"12%\"><span style=\"color: #000000;\"><strong>\u00a0<\/strong><\/span><\/td>\n<\/tr>\n<tr>\n<td width=\"12%\"><span style=\"color: #000000;\"><strong>14:30<\/strong><\/span><\/td>\n<td width=\"74%\"><span style=\"color: #000000;\"><strong>\u00a0Droga Krzy\u017cowa z koronk\u0105 do Mi\u0142osierdzia Bo\u017cego<\/strong><\/span><\/td>\n<td width=\"12%\"><span style=\"color: #000000;\"><strong>\u00a0<\/strong><\/span><\/td>\n<\/tr>\n<tr>\n<td width=\"12%\"><span style=\"color: #000000;\"><strong>15:15 <\/strong><\/span><\/td>\n<td width=\"74%\"><span style=\"color: #000000;\">\u00a0+ Regina Jurga w pierwsz\u0105 rocz. \u015bmierci, Zofia Jurga w 10 rocz. \u015bmierci<\/span><\/td>\n<td width=\"12%\"><span style=\"color: #000000;\"><strong>\u00a0<\/strong><\/span><\/td>\n<\/tr>\n<tr>\n<td width=\"12%\"><span style=\"color: #000000;\"><strong>16:30<\/strong><\/span><\/td>\n<td width=\"74%\"><span style=\"color: #000000;\">\u00a0<strong>Droga Krzy\u017cowa dla dzieci<\/strong><\/span><\/td>\n<td width=\"12%\"><span style=\"color: #000000;\"><strong>\u00a0<\/strong><\/span><\/td>\n<\/tr>\n<tr>\n<td width=\"12%\"><span style=\"color: #000000;\"><strong>17:30<\/strong><\/span><\/td>\n<td width=\"74%\"><span style=\"color: #000000;\">\u00a0+ Kazimierz Sok\u00f3\u0142 w 15 rocz. \u015bmierci<\/span><\/td>\n<td width=\"12%\"><span style=\"color: #000000;\"><strong>\u00a0<\/strong><\/span><\/td>\n<\/tr>\n<tr>\n<td width=\"12%\"><span style=\"color: #000000;\"><strong>18:00<\/strong><\/span><\/td>\n<td width=\"74%\"><span style=\"color: #000000;\">\u00a0<strong>Droga Krzy\u017cowa<\/strong><\/span><\/td>\n<td width=\"12%\"><span style=\"color: #000000;\"><strong>\u00a0<\/strong><\/span><\/td>\n<\/tr>\n<tr>\n<td colspan=\"3\" width=\"100%\"><span style=\"color: #000000;\"><strong>\u00a0<\/strong><strong>SOBOTA &#8211; 28.02.2026 r.<\/strong><\/span><\/td>\n<\/tr>\n<tr>\n<td width=\"12%\"><span style=\"color: #000000;\"><strong>07:00<\/strong><\/span><\/td>\n<td width=\"74%\"><span style=\"color: #000000;\">\u00a0+ Miros\u0142aw Olszewski (28 greg.)<\/span><\/td>\n<td width=\"12%\"><span style=\"color: #000000;\"><strong>\u00a0<\/strong><\/span><\/td>\n<\/tr>\n<tr>\n<td width=\"12%\"><span style=\"color: #000000;\"><strong>07:00<\/strong><\/span><\/td>\n<td width=\"74%\"><span style=\"color: #000000;\">+ Halina Maciejuk w 6 rocz. \u015bmierci, Kazimierz Maciejuk<\/span><\/td>\n<td width=\"12%\"><span style=\"color: #000000;\"><strong>\u00a0<\/strong><\/span><\/td>\n<\/tr>\n<tr>\n<td width=\"12%\"><span style=\"color: #000000;\"><strong>10:00<\/strong><\/span><\/td>\n<td width=\"74%\"><span style=\"color: #000000;\">\u00a0Zbi\u00f3rka Ministrant\u00f3w<\/span><\/td>\n<td width=\"12%\"><span style=\"color: #000000;\"><strong>\u00a0<\/strong><\/span><\/td>\n<\/tr>\n<tr>\n<td width=\"12%\"><span style=\"color: #000000;\"><strong>11:00<\/strong><\/span><\/td>\n<td width=\"74%\"><span style=\"color: #000000;\">\u00a0Zbi\u00f3rka Lektor\u00f3w<\/span><\/td>\n<td width=\"12%\"><span style=\"color: #000000;\"><strong>\u00a0<\/strong><\/span><\/td>\n<\/tr>\n<tr>\n<td width=\"12%\"><span style=\"color: #000000;\"><strong>15:15<\/strong><\/span><\/td>\n<td width=\"74%\"><span style=\"color: #000000;\">\u00a0+ Zofia Adela i Jan Pilucik, Stanis\u0142awa i Bronis\u0142aw Walenciak w kolejne rocz. \u015bmierci<\/span><\/td>\n<td width=\"12%\"><span style=\"color: #000000;\"><strong>\u00a0<\/strong><\/span><\/td>\n<\/tr>\n<tr>\n<td width=\"12%\"><span style=\"color: #000000;\"><strong>17:30<\/strong><\/span><\/td>\n<td width=\"74%\"><span style=\"color: #000000;\">\u00a0+ Anna Boguszewicz w 5 rocz. \u015bmierci, Edward i Miros\u0142aw Boguszewicz i zmarli z rodziny<\/span><\/td>\n<td width=\"12%\"><span style=\"color: #000000;\"><strong>\u00a0<\/strong><\/span><\/td>\n<\/tr>\n<\/tbody>\n<\/table>\n<p><span style=\"color: #000000;\"><strong>\u00a0<\/strong><\/span><\/p>\n","protected":false},"excerpt":{"rendered":"<p>\u00a0 \u00a0I NIEDZIELA WIELKIEGO POSTU &#8211; 22.02.2026 r. 07:00 \u00a0+ Miros\u0142aw Olszewski (22 greg.) \u00a0 08:30 \u00a0O Bo\u017ce b\u0142og. i potrzebne \u0142aski dla Jolanty i Waldemara Mi\u0105sko \u00a0 10:00 \u00a0+ Stanis\u0142aw, Roman So\u0142tysiak w kolejne rocz. \u015bmierci \u00a0 12:00 \u00a0W intencji Parafian \u00a0 15:15 \u00a0+ Czes\u0142aw i Stanis\u0142awa Barcikowscy \u00a0 17.30 NABO\u017bE\u0143STWO GORZKICH \u017bALI \u00a0 &#8230; <span class=\"more\"><a class=\"more-link\" href=\"http:\/\/milosierdzienagorki.pl\/?p=6183\">Wi\u0119cej&#8230;<\/a><\/span><\/p>\n","protected":false},"author":4,"featured_media":0,"comment_status":"closed","ping_status":"open","sticky":false,"template":"","format":"standard","meta":[],"categories":[103,101],"tags":[],"_links":{"self":[{"href":"http:\/\/milosierdzienagorki.pl\/index.php?rest_route=\/wp\/v2\/posts\/6183"}],"collection":[{"href":"http:\/\/milosierdzienagorki.pl\/index.php?rest_route=\/wp\/v2\/posts"}],"about":[{"href":"http:\/\/milosierdzienagorki.pl\/index.php?rest_route=\/wp\/v2\/types\/post"}],"author":[{"embeddable":true,"href":"http:\/\/milosierdzienagorki.pl\/index.php?rest_route=\/wp\/v2\/users\/4"}],"replies":[{"embeddable":true,"href":"http:\/\/milosierdzienagorki.pl\/index.php?rest_route=%2Fwp%2Fv2%2Fcomments&post=6183"}],"version-history":[{"count":1,"href":"http:\/\/milosierdzienagorki.pl\/index.php?rest_route=\/wp\/v2\/posts\/6183\/revisions"}],"predecessor-version":[{"id":6184,"href":"http:\/\/milosierdzienagorki.pl\/index.php?rest_route=\/wp\/v2\/posts\/6183\/revisions\/6184"}],"wp:attachment":[{"href":"http:\/\/milosierdzienagorki.pl\/index.php?rest_route=%2Fwp%2Fv2%2Fmedia&parent=6183"}],"wp:term":[{"taxonomy":"category","embeddable":true,"href":"http:\/\/milosierdzienagorki.pl\/index.php?rest_route=%2Fwp%2Fv2%2Fcategories&post=6183"},{"taxonomy":"post_tag","embeddable":true,"href":"http:\/\/milosierdzienagorki.pl\/index.php?rest_route=%2Fwp%2Fv2%2Ftags&post=6183"}],"curies":[{"name":"wp","href":"https:\/\/api.w.org\/{rel}","templated":true}]}}