{"id":6170,"date":"2026-02-16T20:16:16","date_gmt":"2026-02-16T19:16:16","guid":{"rendered":"http:\/\/milosierdzienagorki.pl\/?p=6170"},"modified":"2026-02-16T20:16:16","modified_gmt":"2026-02-16T19:16:16","slug":"ogloszenia-15-02-2026r","status":"publish","type":"post","link":"http:\/\/milosierdzienagorki.pl\/?p=6170","title":{"rendered":"OG\u0141OSZENIA &#8211; 15.02.2026r."},"content":{"rendered":"<p style=\"text-align: justify;\"><span style=\"color: #ff0000;\"><strong>\u00a0<\/strong><\/span><\/p>\n<p style=\"text-align: center;\"><span style=\"color: #ff0000;\"><strong>OG\u0141OSZENIA PARAFIALNE<\/strong><\/span><\/p>\n<p style=\"text-align: center;\"><span style=\"color: #ff0000;\"><strong>VI NIEDZIELA ZWYK\u0141A \u2013 15.02. 2026 r.<\/strong><\/span><\/p>\n<ol style=\"text-align: justify;\">\n<li style=\"text-align: justify;\"><span style=\"color: #000000;\"><strong>Porz\u0105dek odwiedzin duszpasterskich w tym tygodniu b\u0119dzie nast\u0119puj\u0105cy:<br \/>\n<\/strong><strong><span style=\"text-decoration: underline;\">Poniedzia\u0142ek 16.02.<br \/>\n<\/span><\/strong>Od godz. 16.30 ul. Wa\u0144kowicza 14 kl. 5-7; oraz ul. Wa\u0144kowicza 20 kl. od 1 do 5; natomiast od godz. 18.00 ul. Wa\u0144kowicza 24;<\/span><br \/>\n<span style=\"color: #000000;\"><strong><span style=\"text-decoration: underline;\">Wtorek 17.02.<br \/>\n<\/span><\/strong>Od godz. 16.30 ul. Wa\u0144kowicza 22 i Barcza 22A, 22,24,26,28 oraz od godz. 18.00 Wa\u0144kowicza 20, kl. 6-7;<\/span><\/li>\n<li><\/li>\n<li><span style=\"color: #000000;\">Niestety w tym roku nie zdo\u0142amy odwiedzi\u0107 z wizyt\u0105 duszpastersk\u0105 wiernych mieszkaj\u0105cych przy ulicach Murzynowskiego i Or\u0142owicza, dlatego dla tych mieszka\u0144c\u00f3w proponujemy spotkanie modlitewne na Mszy \u015bwi\u0119tej w naszym Ko\u015bciele, kt\u00f3ra zostanie odprawiona za mieszka\u0144c\u00f3w ul. Murzynowskiego we wtorek 17 lutego o godz. 17.30, natomiast za mieszkaj\u0105cych przy ul. Or\u0142owicza we czwartek 19 lutego o godz. 17.30.\u00a0<\/span><\/li>\n<\/ol>\n<ol style=\"text-align: justify;\" start=\"2\">\n<li><span style=\"color: #000000;\">W tym tygodniu \u015brod\u0105 popielcow\u0105 rozpoczynamy okres Wielkiego Postu. <\/span><br \/>\n<span style=\"color: #000000;\"> W naszym ko\u015bciele Msze \u015bwi\u0119te z obrz\u0119dem posypania g\u0142\u00f3w popio\u0142em sprawowane b\u0119d\u0105 o godz. 7:00, 10:00, 15:15, 17:30, 19.00. Tego dnia wierni zobowi\u0105zani s\u0105 \u2013 zgodnie z kanonem 1251 Kodeksu Prawa Kanonicznego \u2013 do zachowania wstrzemi\u0119\u017aliwo\u015bci od pokarm\u00f3w mi\u0119snych oraz postu. Oznacza to, \u017ce wolno nam spo\u017cy\u0107 tylko trzy posi\u0142ki, w tym jeden do syta. Wstrzemi\u0119\u017aliwo\u015b\u0107 od pokarm\u00f3w mi\u0119snych obowi\u0105zuje wszystkie osoby, kt\u00f3re uko\u0144czy\u0142y 14. rok \u017cycia, natomiast z zachowania postu zwolnione s\u0105 osoby, kt\u00f3re uko\u0144czy\u0142y 60. rok \u017cycia, co oznacza, \u017ce mog\u0105 spo\u017cy\u0107 wi\u0119cej ni\u017c trzy bezmi\u0119sne posi\u0142ki. Pami\u0119ta\u0107 nale\u017cy tak\u017ce, \u017ce wstrzemi\u0119\u017aliwo\u015b\u0107 od pokarm\u00f3w mi\u0119snych obowi\u0105zuje wiernych we wszystkie pi\u0105tki ca\u0142ego roku. <span style=\"text-decoration: underline;\">Ofiary zbierane w \u015brod\u0119 popielcowa, b\u0119d\u0105 przeznaczone na ja\u0142mu\u017cn\u0119 wielkopostn\u0105.<\/span><\/span><\/li>\n<\/ol>\n<ol style=\"text-align: justify;\" start=\"2\">\n<li><span style=\"color: #000000;\">W okresie Wielkiego Postu w ka\u017cdy pi\u0105tek w naszym ko\u015bciele nabo\u017ce\u0144stwa Drogi Krzy\u017cowej wed\u0142ug nast\u0119puj\u0105cego porz\u0105dku:<\/span><br \/>\n<span style=\"color: #000000;\">14:30 \u2013 Droga Krzy\u017cowa z koronk\u0105 do Bo\u017cego Mi\u0142osierdzia;<\/span><br \/>\n<span style=\"color: #000000;\">16:30 \u2013 Droga Krzy\u017cowa z udzia\u0142em dzieci;<\/span><br \/>\n<span style=\"color: #000000;\">18:00 \u2013 Droga Krzy\u017cowa z udzia\u0142em m\u0142odzie\u017cy i doros\u0142ych.<\/span><br \/>\n<span style=\"color: #000000;\">W ka\u017cd\u0105 niedziel\u0119 natomiast o godz. 17:30 zapraszamy na nabo\u017ce\u0144stwo Gorzkich \u017bali z kazaniem pasyjnym.<\/span><\/li>\n<\/ol>\n<ol style=\"text-align: justify;\" start=\"4\">\n<li><span style=\"color: #000000;\">W naszym ko\u015bciele rekolekcje wielkopostne dla og\u00f3\u0142u wiernych i dzieci ucz\u0105cych si\u0119 w szko\u0142ach na terenie naszej parafii rozpoczn\u0105 si\u0119 w III niedziel\u0119 Wielkiego Postu.\u00a0 \u00a0 \u00a0 \u00a0 \u00a0 \u00a0 \u00a0 \u00a0 \u00a0 \u00a0 \u00a0<\/span><\/li>\n<\/ol>\n<ol style=\"text-align: justify;\" start=\"5\">\n<li><span style=\"color: #000000;\">Przypominamy, \u017ce 22 lutego na niedzielnej Mszy \u015bwi\u0119tej o godz. 10.00 spotykamy si\u0119 z dzie\u0107mi, kt\u00f3re przygotowuj\u0105 si\u0119 do przyj\u0119cia I pierwszej Komunii \u015bwi\u0119tej. Dzieci wr\u0119cz\u0105 ksi\u0119dzu pro\u015bb\u0119 o dopuszczenie do sakrament\u00f3w \u015bwi\u0119tych. Dokument jest do pobrania na stronie internetowej parafii.<\/span><\/li>\n<\/ol>\n<ol style=\"text-align: justify;\" start=\"5\">\n<li><span style=\"color: #000000;\">Przypominamy rodzicom dzieci przygotowuj\u0105cych si\u0119 do przyj\u0119cia I Komunii \u015bwi\u0119tej w naszej parafii o spotkaniach formacyjnych, kt\u00f3re odb\u0119d\u0105 si\u0119 23 \u2013 go i 24 \u2013 tego lutego o godz. 18.30 w naszym Ko\u015bciele. Obecno\u015b\u0107 jest obowi\u0105zkowa.<\/span><\/li>\n<\/ol>\n<ol style=\"text-align: justify;\" start=\"5\">\n<li><span style=\"color: #000000;\">Zwracamy si\u0119 z pro\u015bb\u0105, aby przekazywa\u0107 do kancelarii parafialnej niepotrzebne alby komunijne, kt\u00f3re udost\u0119pnimy dzieciom, przegotowuj\u0105cym si\u0119 do I Komunii \u015bwi\u0119tej.<\/span><\/li>\n<\/ol>\n<ol style=\"text-align: justify;\" start=\"5\">\n<li><span style=\"color: #000000;\">M\u0142odzie\u017c przygotowuj\u0105ca si\u0119 do przyj\u0119cia Sakramentu Bierzmowania 21 lutego w sobot\u0119 przezywa\u0107 b\u0119dzie sw\u00f3j dzie\u0144 skupienia od godz. 9.30 do 16.00 w podziemiach Ko\u015bcio\u0142a<\/span><\/li>\n<\/ol>\n<ol style=\"text-align: justify;\" start=\"5\">\n<li><span style=\"color: #000000;\">Dyrekcja Przedszkola Miejskiego nr 31 przy ulicy Wa\u0144kowicza 4; Przedszkola Miejskiego nr 32 przy ul. Murzynowskiego oraz Przedszkola Katolickiego przy ulicy Wyszy\u0144skiego zapraszaj\u0105 na dni otwarte. Szczeg\u00f3\u0142y na stronie internetowej przedszkoli oraz na plakatach w gablocie.<\/span><\/li>\n<\/ol>\n<ol style=\"text-align: justify;\" start=\"5\">\n<li><span style=\"color: #000000;\">Dzi\u015b po Mszy \u015bwi\u0119tej o godz. 10.00 zapraszamy do Oratorium \u015bw. Carla Acutisa wszystkie dzieci wraz z rodzicami na rodzinne spotkanie. Zosta\u0142y przygotowane tosty, gofry, rurki z kremem oraz inne s\u0142odko\u015bci.\u00a0 \u00a0<\/span><\/li>\n<\/ol>\n<ol style=\"text-align: justify;\" start=\"5\">\n<li><span style=\"color: #000000;\">Zwracamy si\u0119 z pro\u015bb\u0105, aby przy okazji rozliczania podatku, przekaza\u0107 1,5 procenta na Caritas Archidiecezji Warmi\u0144skiej <strong>z dopiskiem \u201eNag\u00f3rki\u201d<\/strong>. Z uzyskanych w ten spos\u00f3b \u015brodk\u00f3w b\u0119dziemy mogli wesprze\u0107 dzieci i m\u0142odzie\u017c w organizowanych przez parafi\u0119 inicjatywach duszpasterskich. <strong>Na stoliku przy wyj\u015bciu z ko\u015bcio\u0142a s\u0105 do zabrania ulotki z numerem KRS.<\/strong><\/span><\/li>\n<\/ol>\n<ol style=\"text-align: justify;\" start=\"5\">\n<li><span style=\"color: #000000;\">Zach\u0119camy do nabywania prasy katolickiej. Nowy numer Go\u015bcia Niedzielnego w cenie 10 z\u0142.<\/span><\/li>\n<\/ol>\n<ol style=\"text-align: justify;\" start=\"5\">\n<li><span style=\"color: #000000;\">22 lutego w ostatni\u0105 niedziel\u0119 miesi\u0105ca o godz. 18.00 zostanie odprawiona Msza \u015bwi\u0119ta zbiorowa w intencji zmar\u0142ych w miesi\u0105cu lutym. Intencje mo\u017cna sk\u0142ada\u0107 w zakrystii i kancelarii parafialnej.<\/span><\/li>\n<\/ol>\n<ol style=\"text-align: justify;\" start=\"5\">\n<li><span style=\"color: #000000;\">22 lutego w niedziel\u0119 zapraszamy o godz. 19.00 na kolejny wiecz\u00f3r uwielbienia Adoracj\u0119 NS.<\/span><\/li>\n<\/ol>\n<ol style=\"text-align: justify;\" start=\"5\">\n<li><span style=\"color: #000000;\">Przypominamy, aby osoby zapisane na pielgrzymk\u0119 do Fatimy do ko\u0144ca lutego wp\u0142aci\u0142y w kancelarii parafialnej pozosta\u0142\u0105 kwot\u0119 za wyjazd. Informujemy, \u017ce nie ma ju\u017c miejsc na pielgrzymk\u0119.\u00a0<\/span><\/li>\n<\/ol>\n<ol style=\"text-align: justify;\" start=\"16\">\n<li style=\"text-align: justify;\"><span style=\"color: #000000;\">Dzi\u0119kujemy naszym wolontariuszom za pomoc w sprz\u0105taniu Ko\u015bcio\u0142a. Dzi\u0119kujemy za pos\u0142ug\u0119 w zakrystii, kancelarii i oratorium oraz osobom, kt\u00f3re pomagaj\u0105 przy od\u015bnie\u017caniu.<\/span><\/li>\n<\/ol>\n<ol start=\"16\">\n<li style=\"text-align: justify;\"><span style=\"color: #000000;\">Naszym parafianom i go\u015bciom \u017cyczymy opieki Matki Bo\u017cej, pokoju serca <\/span><br \/>\n<span style=\"color: #000000;\"> i wielu \u0142ask Bo\u017cych na ka\u017cdy dzie\u0144.<\/span><\/li>\n<\/ol>\n","protected":false},"excerpt":{"rendered":"<p>\u00a0 OG\u0141OSZENIA PARAFIALNE VI NIEDZIELA ZWYK\u0141A \u2013 15.02. 2026 r. Porz\u0105dek odwiedzin duszpasterskich w tym tygodniu b\u0119dzie nast\u0119puj\u0105cy: Poniedzia\u0142ek 16.02. Od godz. 16.30 ul. Wa\u0144kowicza 14 kl. 5-7; oraz ul. Wa\u0144kowicza 20 kl. od 1 do 5; natomiast od godz. 18.00 ul. Wa\u0144kowicza 24; Wtorek 17.02. Od godz. 16.30 ul. Wa\u0144kowicza 22 i Barcza 22A, &#8230; <span class=\"more\"><a class=\"more-link\" href=\"http:\/\/milosierdzienagorki.pl\/?p=6170\">Wi\u0119cej&#8230;<\/a><\/span><\/p>\n","protected":false},"author":4,"featured_media":0,"comment_status":"closed","ping_status":"open","sticky":false,"template":"","format":"standard","meta":[],"categories":[102,101],"tags":[],"_links":{"self":[{"href":"http:\/\/milosierdzienagorki.pl\/index.php?rest_route=\/wp\/v2\/posts\/6170"}],"collection":[{"href":"http:\/\/milosierdzienagorki.pl\/index.php?rest_route=\/wp\/v2\/posts"}],"about":[{"href":"http:\/\/milosierdzienagorki.pl\/index.php?rest_route=\/wp\/v2\/types\/post"}],"author":[{"embeddable":true,"href":"http:\/\/milosierdzienagorki.pl\/index.php?rest_route=\/wp\/v2\/users\/4"}],"replies":[{"embeddable":true,"href":"http:\/\/milosierdzienagorki.pl\/index.php?rest_route=%2Fwp%2Fv2%2Fcomments&post=6170"}],"version-history":[{"count":10,"href":"http:\/\/milosierdzienagorki.pl\/index.php?rest_route=\/wp\/v2\/posts\/6170\/revisions"}],"predecessor-version":[{"id":6180,"href":"http:\/\/milosierdzienagorki.pl\/index.php?rest_route=\/wp\/v2\/posts\/6170\/revisions\/6180"}],"wp:attachment":[{"href":"http:\/\/milosierdzienagorki.pl\/index.php?rest_route=%2Fwp%2Fv2%2Fmedia&parent=6170"}],"wp:term":[{"taxonomy":"category","embeddable":true,"href":"http:\/\/milosierdzienagorki.pl\/index.php?rest_route=%2Fwp%2Fv2%2Fcategories&post=6170"},{"taxonomy":"post_tag","embeddable":true,"href":"http:\/\/milosierdzienagorki.pl\/index.php?rest_route=%2Fwp%2Fv2%2Ftags&post=6170"}],"curies":[{"name":"wp","href":"https:\/\/api.w.org\/{rel}","templated":true}]}}