{"id":6167,"date":"2026-02-16T20:07:57","date_gmt":"2026-02-16T19:07:57","guid":{"rendered":"http:\/\/milosierdzienagorki.pl\/?p=6167"},"modified":"2026-02-16T20:07:57","modified_gmt":"2026-02-16T19:07:57","slug":"intencje-15-02-2026r","status":"publish","type":"post","link":"http:\/\/milosierdzienagorki.pl\/?p=6167","title":{"rendered":"INTENCJE &#8211; 15.02.2026r."},"content":{"rendered":"<p><strong>\u00a0<\/strong><\/p>\n<table width=\"103%\">\n<tbody>\n<tr>\n<td colspan=\"3\" width=\"100%\"><strong>VI NIEDZIELA ZWYK\u0141A &#8211; 15.02.2026 r.<\/strong><\/td>\n<\/tr>\n<tr>\n<td width=\"12%\"><strong>07:00<\/strong><\/td>\n<td width=\"74%\">\u00a0+ Miros\u0142aw Olszewski (15 greg.)<\/td>\n<td width=\"12%\"><\/td>\n<\/tr>\n<tr>\n<td width=\"12%\"><strong>08:30<\/strong><\/td>\n<td width=\"74%\">\u00a0O Bo\u017ce b\u0142og., opiek\u0119 Matki Bo\u017cej, potrzebne \u0142aski dla Sebastiana z okazji urodzin<\/td>\n<td width=\"12%\"><\/td>\n<\/tr>\n<tr>\n<td width=\"12%\"><strong>10:00<\/strong><\/td>\n<td width=\"74%\">\u00a0+ Stanis\u0142awa i Konstanty Dudzi\u0144scy, z rodziny Krysztofiak: Janina, Franciszek, Ludwika (k), Anna, Zenon<\/td>\n<td width=\"12%\"><\/td>\n<\/tr>\n<tr>\n<td width=\"12%\"><strong>12:00<\/strong><\/td>\n<td width=\"74%\">\u00a0W intencji parafian<\/td>\n<td width=\"12%\"><strong>\u00a0<\/strong><\/td>\n<\/tr>\n<tr>\n<td width=\"12%\"><strong>15:15<\/strong><\/td>\n<td width=\"74%\">\u00a0+ Irena Bogda\u0144ska w 4 rocz. \u015bmierci<\/td>\n<td width=\"12%\"><\/td>\n<\/tr>\n<tr>\n<td width=\"12%\"><strong>18:00<\/strong><\/td>\n<td width=\"74%\">\u00a0+ Wies\u0142aw w 5 rocz. \u015bmierci i Marianna Wojew\u00f3dzcy, Helena i Stefan Sompolscy<\/td>\n<td width=\"12%\"><strong>\u00a0<\/strong><\/td>\n<\/tr>\n<tr>\n<td colspan=\"3\" width=\"100%\"><strong>\u00a0<\/strong><strong>PONIEDZIA\u0141EK &#8211; 16.02.2026 r.<\/strong><\/td>\n<\/tr>\n<tr>\n<td width=\"12%\"><strong>07:00<\/strong><\/td>\n<td width=\"74%\">\u00a0+ Miros\u0142aw Olszewski\u00a0 (16 greg.)<\/td>\n<td width=\"12%\"><\/td>\n<\/tr>\n<tr>\n<td width=\"12%\"><strong>07:00<\/strong><\/td>\n<td width=\"74%\">\u00a0+ Sebastian, Sylwia i Ela Sajewicz<\/td>\n<td width=\"12%\"><\/td>\n<\/tr>\n<tr>\n<td width=\"12%\"><strong>15:15<\/strong><\/td>\n<td width=\"74%\">\u00a0+ Wac\u0142aw i Helena<\/td>\n<td width=\"12%\"><\/td>\n<\/tr>\n<tr>\n<td width=\"12%\"><strong>17:30<\/strong><\/td>\n<td width=\"74%\">\u00a0+ Ryszard Alchimowicz w 10 rocz. \u015bmierci<\/td>\n<td width=\"12%\"><\/td>\n<\/tr>\n<tr>\n<td colspan=\"3\" width=\"100%\"><strong>\u00a0<\/strong><strong>WTOREK &#8211; 17.02.2026 r.<\/strong><\/p>\n<p><strong>\u015aWI\u0118TYCH SIEDMIU ZA\u0141O\u017bYCIELI ZAKONU SERWIT\u00d3W NMP<\/strong><\/td>\n<\/tr>\n<tr>\n<td width=\"12%\"><strong>07.00<\/strong><\/td>\n<td width=\"74%\">\u00a0+ Miros\u0142aw Olszewski (17 greg.)<\/td>\n<td width=\"12%\"><\/td>\n<\/tr>\n<tr>\n<td width=\"12%\"><strong>07:00<\/strong><\/td>\n<td width=\"74%\">\u00a0+ Apolonia, Cecylia, Wiktoria, Alojzy Ludwik, zmarli z rodziny Liberadzkich, Ko\u015bci\u0144skich, Giedroj\u0107 i dusze czy\u015b\u0107cowe<\/td>\n<td width=\"12%\"><\/td>\n<\/tr>\n<tr>\n<td width=\"12%\"><strong>15:15<\/strong><\/td>\n<td width=\"74%\">+ Miros\u0142aw i Anna Kozak, Jan i Katarzyna Szum, Teresa Pawlik<\/td>\n<td width=\"12%\"><\/td>\n<\/tr>\n<tr>\n<td width=\"12%\"><strong>17:30<\/strong><\/td>\n<td width=\"74%\">W intencji mieszka\u0144c\u00f3w ul. Murzynowskiego<\/td>\n<td width=\"12%\"><strong>\u00a0<\/strong><\/td>\n<\/tr>\n<tr>\n<td width=\"12%\"><strong>17:30<\/strong><\/td>\n<td width=\"74%\">+\u00a0 Czes\u0142aw Kulas, Rozalia Kulas<\/td>\n<td width=\"12%\"><strong>\u00a0<\/strong><\/td>\n<\/tr>\n<tr>\n<td colspan=\"3\" width=\"100%\"><strong>\u00a0<\/strong><strong>\u015aRODA &#8211; 18.02.2026 r.<\/strong><\/p>\n<p><strong>POPIELEC<\/strong><\/td>\n<\/tr>\n<tr>\n<td width=\"12%\"><strong>07:00<\/strong><\/td>\n<td width=\"74%\">\u00a0+ Miros\u0142aw Olszewski (18 greg.)<\/td>\n<td width=\"12%\"><\/td>\n<\/tr>\n<tr>\n<td width=\"12%\"><strong>07:00<\/strong><\/td>\n<td width=\"74%\">\u00a0+ Piotr, Maria, J\u00f3zef i Jan Szota, Roma<\/td>\n<td width=\"12%\"><\/td>\n<\/tr>\n<tr>\n<td width=\"12%\"><strong>10:00<\/strong><\/td>\n<td width=\"74%\"><\/td>\n<td width=\"12%\"><\/td>\n<\/tr>\n<tr>\n<td width=\"12%\"><strong>15:15<\/strong><\/td>\n<td width=\"74%\">O Bo\u017ce b\u0142og., potrzebne \u0142aski\u00a0 z okazji urodzin dla Mirka, Mariusza i Aliny z rodzinami<\/td>\n<td width=\"12%\"><\/td>\n<\/tr>\n<tr>\n<td width=\"12%\"><strong>17:30<\/strong><\/td>\n<td width=\"74%\">\u00a0Dzi\u0119kczynna\u00a0 w 94 rocznic\u0119 urodzin Zofii\u00a0 Gosiewskiej z pro\u015bb\u0105 o Bo\u017ce b\u0142og. i opiek\u0119 Matki Bo\u017cej na ka\u017cdy dzie\u0144 \u017cycia<\/td>\n<td width=\"12%\"><\/td>\n<\/tr>\n<tr>\n<td width=\"12%\"><strong>Po Mszy \u015bw.<\/strong><\/td>\n<td width=\"74%\"><strong>Nabo\u017ce\u0144stwo do M. B. Nieustaj\u0105cej Pomocy<\/strong><\/td>\n<td width=\"12%\"><\/td>\n<\/tr>\n<tr>\n<td width=\"12%\"><strong>19.00<\/strong><\/td>\n<td width=\"74%\"><strong>\u00a0<\/strong><\/td>\n<td width=\"12%\"><strong>\u00a0<\/strong><\/td>\n<\/tr>\n<tr>\n<td colspan=\"3\" width=\"100%\"><strong>\u00a0<\/strong><strong>\u00a0<\/strong><strong>CZWARTEK- 19.02.2026 r.<\/strong><\/td>\n<\/tr>\n<tr>\n<td width=\"12%\"><strong>07:00<\/strong><\/td>\n<td width=\"74%\">\u00a0+ Miros\u0142aw Olszewski (19 greg.)<\/td>\n<td width=\"12%\"><strong>\u00a0<\/strong><\/td>\n<\/tr>\n<tr>\n<td width=\"12%\"><strong>07:00<\/strong><\/td>\n<td width=\"74%\">\u00a0+ Halina Tobolska w 1 rocz. \u015bmierci<\/td>\n<td width=\"12%\"><strong>\u00a0<\/strong><\/td>\n<\/tr>\n<tr>\n<td width=\"12%\"><strong>15:15<\/strong><\/td>\n<td width=\"74%\">O Bo\u017ce b\u0142og., dary Ducha \u015awi\u0119tego i\u00a0 zdrowie dla Tomasza i Rados\u0142awa<\/td>\n<td width=\"12%\"><strong>\u00a0<\/strong><\/td>\n<\/tr>\n<tr>\n<td width=\"12%\"><strong>17.30<\/strong><\/td>\n<td width=\"74%\">W intencji mieszka\u0144c\u00f3w ulicy Or\u0142owicza<\/td>\n<td width=\"12%\"><strong>\u00a0<\/strong><\/td>\n<\/tr>\n<tr>\n<td width=\"12%\"><strong>17:30<\/strong><\/td>\n<td width=\"74%\">+ Jadwiga Miecz\u0142awska<\/td>\n<td width=\"12%\"><strong>\u00a0<\/strong><\/td>\n<\/tr>\n<tr>\n<td width=\"12%\"><strong>Po Mszy \u015bw.<\/strong><\/td>\n<td width=\"74%\"><strong>Nabo\u017ce\u0144stwo za kap\u0142an\u00f3w<\/strong><\/td>\n<td width=\"12%\"><strong>\u00a0<\/strong><\/td>\n<\/tr>\n<tr>\n<td colspan=\"3\" width=\"100%\"><strong>\u00a0<\/strong><strong>\u00a0PI\u0104TEK &#8211; 20.02.2026 r.<\/strong><\/p>\n<p><strong>\u015aWI\u0118TYCH\u00a0 HIACYNTY I FRANCISZKA MARTO<\/strong><\/td>\n<\/tr>\n<tr>\n<td width=\"12%\"><strong>07:00<\/strong><\/td>\n<td width=\"74%\">\u00a0+ Miros\u0142aw Olszewski\u00a0 (20 greg.)<\/td>\n<td width=\"12%\"><strong>\u00a0<\/strong><\/td>\n<\/tr>\n<tr>\n<td width=\"12%\"><strong>07:00<\/strong><\/td>\n<td width=\"74%\">\u00a0+ Leszek Nidzgorski (Msza \u015bw. popogrzebowa)<\/td>\n<td width=\"12%\"><strong>\u00a0<\/strong><\/td>\n<\/tr>\n<tr>\n<td width=\"12%\"><strong>14:30<\/strong><\/td>\n<td width=\"74%\"><strong>\u00a0Droga Krzy\u017cowa z koronk\u0105 do Mi\u0142osierdzia Bo\u017cego<\/strong><\/td>\n<td width=\"12%\"><strong>\u00a0<\/strong><\/td>\n<\/tr>\n<tr>\n<td width=\"12%\"><strong>15:15 <\/strong><\/td>\n<td width=\"74%\">\u00a0+ Stanis\u0142aw Jaroszewski w 27 rocz. \u015bmierci<\/td>\n<td width=\"12%\"><strong>\u00a0<\/strong><\/td>\n<\/tr>\n<tr>\n<td width=\"12%\"><strong>16:30<\/strong><\/td>\n<td width=\"74%\">\u00a0<strong>Droga Krzy\u017cowa dla dzieci<\/strong><\/td>\n<td width=\"12%\"><strong>\u00a0<\/strong><\/td>\n<\/tr>\n<tr>\n<td width=\"12%\"><strong>17:30<\/strong><\/td>\n<td width=\"74%\">\u00a0O Bo\u017ce b\u0142og., opiek\u0119 Matki Bo\u017cej i wszelkie \u0142aski dla Weroniki i jej rodziny<\/td>\n<td width=\"12%\"><strong>\u00a0<\/strong><\/td>\n<\/tr>\n<tr>\n<td width=\"12%\"><strong>18:00<\/strong><\/td>\n<td width=\"74%\">\u00a0<strong>Droga Krzy\u017cowa dla og\u00f3\u0142u wiernych<\/strong><\/td>\n<td width=\"12%\"><strong>\u00a0<\/strong><\/td>\n<\/tr>\n<tr>\n<td colspan=\"3\" width=\"100%\"><strong>\u00a0<\/strong><strong>SOBOTA &#8211; 21.02.2026 r.<\/strong><\/p>\n<p><strong>\u015aW. PIOTRA DAMIANIEGO, BISKUPA I DOKTORA KO\u015aCIO\u0141A<\/strong><\/td>\n<\/tr>\n<tr>\n<td width=\"12%\"><strong>07:00<\/strong><\/td>\n<td width=\"74%\">\u00a0+ Miros\u0142aw Olszewski (21greg.)<\/td>\n<td width=\"12%\"><strong>\u00a0<\/strong><\/td>\n<\/tr>\n<tr>\n<td width=\"12%\"><strong>9.30-16.00<\/strong><\/td>\n<td width=\"74%\">Dzie\u0144 skupienia dla przygotowuj\u0105cych si\u0119 Bierzmowania<\/td>\n<td width=\"12%\"><strong>\u00a0<\/strong><\/td>\n<\/tr>\n<tr>\n<td width=\"12%\"><strong>10:00<\/strong><\/td>\n<td width=\"74%\">\u00a0Zbi\u00f3rka Ministrant\u00f3w<\/td>\n<td width=\"12%\"><strong>\u00a0<\/strong><\/td>\n<\/tr>\n<tr>\n<td width=\"12%\"><strong>11:00<\/strong><\/td>\n<td width=\"74%\">\u00a0Zbi\u00f3rka Lektor\u00f3w<\/td>\n<td width=\"12%\"><strong>\u00a0<\/strong><\/td>\n<\/tr>\n<tr>\n<td width=\"12%\"><strong>15:15<\/strong><\/td>\n<td width=\"74%\">\u00a0+ Andrzej Drygalski w 28 rocz. \u015bmierci, El\u017cbieta Wr\u00f3blewska w 1 rocz. \u015bmierci<\/td>\n<td width=\"12%\"><strong>\u00a0<\/strong><\/td>\n<\/tr>\n<tr>\n<td width=\"12%\"><strong>15:15<\/strong><\/td>\n<td width=\"74%\">\u00a0Dzi\u0119kczynna\u00a0 w 50 rocz. \u015blubu Krystyny i Stanis\u0142awa Pachar z pro\u015bb\u0105 o potrzebne \u0142aski na dalsze lata \u017cycia<\/td>\n<td width=\"12%\"><strong>\u00a0<\/strong><\/td>\n<\/tr>\n<tr>\n<td width=\"12%\"><strong>17:30<\/strong><\/td>\n<td width=\"74%\">\u00a0+ Piotr Bucholski w 1 rocz. \u015bmierci,\u00a0 Dinter Bucholski<\/td>\n<td width=\"12%\"><strong>\u00a0<\/strong><\/td>\n<\/tr>\n<\/tbody>\n<\/table>\n<p><strong>\u00a0<\/strong><\/p>\n<p><strong>\u00a0<\/strong><\/p>\n","protected":false},"excerpt":{"rendered":"<p>\u00a0 VI NIEDZIELA ZWYK\u0141A &#8211; 15.02.2026 r. 07:00 \u00a0+ Miros\u0142aw Olszewski (15 greg.) 08:30 \u00a0O Bo\u017ce b\u0142og., opiek\u0119 Matki Bo\u017cej, potrzebne \u0142aski dla Sebastiana z okazji urodzin 10:00 \u00a0+ Stanis\u0142awa i Konstanty Dudzi\u0144scy, z rodziny Krysztofiak: Janina, Franciszek, Ludwika (k), Anna, Zenon 12:00 \u00a0W intencji parafian \u00a0 15:15 \u00a0+ Irena Bogda\u0144ska w 4 rocz. \u015bmierci &#8230; <span class=\"more\"><a class=\"more-link\" href=\"http:\/\/milosierdzienagorki.pl\/?p=6167\">Wi\u0119cej&#8230;<\/a><\/span><\/p>\n","protected":false},"author":4,"featured_media":0,"comment_status":"closed","ping_status":"open","sticky":false,"template":"","format":"standard","meta":[],"categories":[103,101],"tags":[],"_links":{"self":[{"href":"http:\/\/milosierdzienagorki.pl\/index.php?rest_route=\/wp\/v2\/posts\/6167"}],"collection":[{"href":"http:\/\/milosierdzienagorki.pl\/index.php?rest_route=\/wp\/v2\/posts"}],"about":[{"href":"http:\/\/milosierdzienagorki.pl\/index.php?rest_route=\/wp\/v2\/types\/post"}],"author":[{"embeddable":true,"href":"http:\/\/milosierdzienagorki.pl\/index.php?rest_route=\/wp\/v2\/users\/4"}],"replies":[{"embeddable":true,"href":"http:\/\/milosierdzienagorki.pl\/index.php?rest_route=%2Fwp%2Fv2%2Fcomments&post=6167"}],"version-history":[{"count":2,"href":"http:\/\/milosierdzienagorki.pl\/index.php?rest_route=\/wp\/v2\/posts\/6167\/revisions"}],"predecessor-version":[{"id":6169,"href":"http:\/\/milosierdzienagorki.pl\/index.php?rest_route=\/wp\/v2\/posts\/6167\/revisions\/6169"}],"wp:attachment":[{"href":"http:\/\/milosierdzienagorki.pl\/index.php?rest_route=%2Fwp%2Fv2%2Fmedia&parent=6167"}],"wp:term":[{"taxonomy":"category","embeddable":true,"href":"http:\/\/milosierdzienagorki.pl\/index.php?rest_route=%2Fwp%2Fv2%2Fcategories&post=6167"},{"taxonomy":"post_tag","embeddable":true,"href":"http:\/\/milosierdzienagorki.pl\/index.php?rest_route=%2Fwp%2Fv2%2Ftags&post=6167"}],"curies":[{"name":"wp","href":"https:\/\/api.w.org\/{rel}","templated":true}]}}