{"id":6153,"date":"2026-02-09T16:47:19","date_gmt":"2026-02-09T15:47:19","guid":{"rendered":"http:\/\/milosierdzienagorki.pl\/?p=6153"},"modified":"2026-02-09T16:54:33","modified_gmt":"2026-02-09T15:54:33","slug":"intencje-8-02-2026r","status":"publish","type":"post","link":"http:\/\/milosierdzienagorki.pl\/?p=6153","title":{"rendered":"INTENCJE &#8211; 8.02.2026r."},"content":{"rendered":"<p><span style=\"color: #000000;\"><strong>\u00a0<\/strong><\/span><\/p>\n<table width=\"103%\">\n<tbody>\n<tr>\n<td colspan=\"3\" width=\"100%\"><span style=\"color: #000000;\"><strong>\u00a0<\/strong><strong>V NIEDZIELA &#8211; 08.02.2026 r.<\/strong><\/span><\/td>\n<\/tr>\n<tr>\n<td width=\"12%\"><span style=\"color: #000000;\"><strong>07:00<\/strong><\/span><\/td>\n<td width=\"74%\"><span style=\"color: #000000;\">\u00a0+ Miros\u0142aw Olszewski (8 greg.)<\/span><\/td>\n<td width=\"12%\"><span style=\"color: #000000;\">\u00a0<\/span><\/td>\n<\/tr>\n<tr>\n<td width=\"12%\"><span style=\"color: #000000;\"><strong>08:30<\/strong><\/span><\/td>\n<td width=\"74%\"><span style=\"color: #000000;\">\u00a0+ Apolonia Duszak<\/span><\/td>\n<td width=\"12%\"><span style=\"color: #000000;\">\u00a0<\/span><\/td>\n<\/tr>\n<tr>\n<td width=\"12%\"><span style=\"color: #000000;\"><strong>10:00<\/strong><\/span><\/td>\n<td width=\"74%\"><span style=\"color: #000000;\">\u00a0+ Eugenia i Stanis\u0142aw \u0141yso\u0144 w kolejne rocz. \u015bmierci<\/span><\/td>\n<td width=\"12%\"><span style=\"color: #000000;\">\u00a0<\/span><\/td>\n<\/tr>\n<tr>\n<td width=\"12%\"><span style=\"color: #000000;\"><strong>12:00<\/strong><\/span><\/td>\n<td width=\"74%\"><span style=\"color: #000000;\">\u00a0w intencji Parafian<\/span><\/td>\n<td width=\"12%\"><span style=\"color: #000000;\"><strong>\u00a0<\/strong><\/span><\/td>\n<\/tr>\n<tr>\n<td width=\"12%\"><span style=\"color: #000000;\"><strong>15:15<\/strong><\/span><\/td>\n<td width=\"74%\"><span style=\"color: #000000;\">\u00a0+ Franciszka (k) Edward, Wies\u0142aw\u00a0 G\u0142a\u017cewscy<\/span><span style=\"color: #000000;\">Czes\u0142awa (k), Boles\u0142aw, Andrzej Gru\u017alewscy<\/span><\/td>\n<td width=\"12%\"><span style=\"color: #000000;\">\u00a0<\/span><\/td>\n<\/tr>\n<tr>\n<td width=\"12%\"><span style=\"color: #000000;\"><strong>18:00<\/strong><\/span><\/td>\n<td width=\"74%\"><span style=\"color: #000000;\">\u00a0+ Feliks w 19 rocz. \u015bmierci i \u0141ucja Kierbied\u017a i zmarli rodzice<\/span><\/td>\n<td width=\"12%\"><span style=\"color: #000000;\"><strong>\u00a0<\/strong><\/span><\/td>\n<\/tr>\n<tr>\n<td colspan=\"3\" width=\"100%\"><span style=\"color: #000000;\"><strong>\u00a0<\/strong><strong>PONIEDZIA\u0141EK &#8211; 09.02.2026 r.<\/strong><\/span><\/td>\n<\/tr>\n<tr>\n<td width=\"12%\"><span style=\"color: #000000;\"><strong>07:00<\/strong><\/span><\/td>\n<td width=\"74%\"><span style=\"color: #000000;\">+ Biskup Senior Julian Wojtkowski<\/span><\/td>\n<td width=\"12%\"><span style=\"color: #000000;\">\u00a0<\/span><\/td>\n<\/tr>\n<tr>\n<td width=\"12%\"><span style=\"color: #000000;\"><strong>07:00<\/strong><\/span><\/td>\n<td width=\"74%\"><span style=\"color: #000000;\">+ Miros\u0142aw Olszewski\u00a0 (9 greg.)<\/span><\/td>\n<td width=\"12%\"><span style=\"color: #000000;\"><strong>\u00a0<\/strong><\/span><\/td>\n<\/tr>\n<tr>\n<td width=\"12%\"><span style=\"color: #000000;\"><strong>15:15<\/strong><\/span><\/td>\n<td width=\"74%\"><span style=\"color: #000000;\">+ Lucyna My\u015bliwiec<\/span><\/td>\n<td width=\"12%\"><span style=\"color: #000000;\">\u00a0<\/span><\/td>\n<\/tr>\n<tr>\n<td width=\"12%\"><span style=\"color: #000000;\"><strong>17:30<\/strong><\/span><\/td>\n<td width=\"74%\"><span style=\"color: #000000;\">+ Marian Wysoki\u0144ski w kolejn\u0105\u00a0 rocz. \u015bmierci, Wac\u0142aw, Felicja, Maria, Stefan<\/span><\/td>\n<td width=\"12%\"><span style=\"color: #000000;\">\u00a0<\/span><\/td>\n<\/tr>\n<tr>\n<td colspan=\"3\" width=\"100%\"><span style=\"color: #000000;\"><strong>\u00a0<\/strong><strong>WTOREK &#8211; 10.02.2026 r.<\/strong><\/span><span style=\"color: #000000;\"><strong>\u015aW. SCHOLASTYKI, DZIEWICY, WSPOMNIENIE<\/strong><\/span><\/td>\n<\/tr>\n<tr>\n<td width=\"12%\"><span style=\"color: #000000;\"><strong>07.00<\/strong><\/span><\/td>\n<td width=\"74%\"><span style=\"color: #000000;\">\u00a0+ Miros\u0142aw Olszewski (10 greg.)<\/span><\/td>\n<td width=\"12%\"><span style=\"color: #000000;\">\u00a0<\/span><\/td>\n<\/tr>\n<tr>\n<td width=\"12%\"><span style=\"color: #000000;\"><strong>15:15<\/strong><\/span><\/td>\n<td width=\"74%\"><span style=\"color: #000000;\">+ Stanis\u0142aw , \u0141ucja, Ryszard\u00a0 i Stanis\u0142aw \u017barnowscy<\/span><\/td>\n<td width=\"12%\"><span style=\"color: #000000;\">\u00a0<\/span><\/td>\n<\/tr>\n<tr>\n<td width=\"12%\"><span style=\"color: #000000;\"><strong>17:30<\/strong><\/span><\/td>\n<td width=\"74%\"><span style=\"color: #000000;\">+ Pawe\u0142\u00a0 Wyszczelski w 6 rocz. \u015bmierci<\/span><\/td>\n<td width=\"12%\"><span style=\"color: #000000;\"><strong>\u00a0<\/strong><\/span><\/td>\n<\/tr>\n<tr>\n<td colspan=\"3\" width=\"100%\"><span style=\"color: #000000;\"><strong>\u00a0<\/strong><strong>\u015aRODA &#8211; 11.02.2026 r.<\/strong><\/span><span style=\"color: #000000;\"><strong>NAJ\u015aWI\u0118TSZEJ MARYI PANNY Z LOURDES <\/strong><\/span><\/p>\n<p><span style=\"color: #000000;\"><strong>\u015aWIATOWY DZIE\u0143 CHOREGO<\/strong><\/span><\/td>\n<\/tr>\n<tr>\n<td width=\"12%\"><span style=\"color: #000000;\"><strong>07:00<\/strong><\/span><\/td>\n<td width=\"74%\"><span style=\"color: #000000;\">\u00a0+ Miros\u0142aw Olszewski (11 greg.)<\/span><\/td>\n<td width=\"12%\"><span style=\"color: #000000;\">\u00a0<\/span><\/td>\n<\/tr>\n<tr>\n<td width=\"12%\"><span style=\"color: #000000;\"><strong>07:00<\/strong><\/span><\/td>\n<td width=\"74%\"><span style=\"color: #000000;\">\u00a0+ Stanis\u0142aw Sonnak i zmarli z rodziny<\/span><\/td>\n<td width=\"12%\"><span style=\"color: #000000;\">\u00a0<\/span><\/td>\n<\/tr>\n<tr>\n<td width=\"12%\"><span style=\"color: #000000;\"><strong>10.00<\/strong><\/span><\/td>\n<td width=\"74%\"><span style=\"color: #000000;\"><strong>W intencji chorych<\/strong><\/span><\/td>\n<td width=\"12%\"><span style=\"color: #000000;\"><strong>\u00a0<\/strong><\/span><\/td>\n<\/tr>\n<tr>\n<td width=\"12%\"><span style=\"color: #000000;\"><strong>15:15<\/strong><\/span><\/td>\n<td width=\"74%\"><span style=\"color: #000000;\">\u00a0+ Tadeusz\u00a0 Giedziun\u00a0 w 30 dzie\u0144 po pogrzebie<\/span><\/td>\n<td width=\"12%\"><span style=\"color: #000000;\">\u00a0<\/span><\/td>\n<\/tr>\n<tr>\n<td width=\"12%\"><span style=\"color: #000000;\"><strong>17:30<\/strong><\/span><\/td>\n<td width=\"74%\"><span style=\"color: #000000;\">\u00a0+ Wanda Danuta Galanek<\/span><\/td>\n<td width=\"12%\"><span style=\"color: #000000;\">\u00a0<\/span><\/td>\n<\/tr>\n<tr>\n<td width=\"12%\"><span style=\"color: #000000;\"><strong>Po Mszy \u015bw.<\/strong><\/span><\/td>\n<td width=\"74%\"><span style=\"color: #000000;\"><strong>Nabo\u017ce\u0144stwo do M. B. Nieustaj\u0105cej Pomocy<\/strong><\/span><\/td>\n<td width=\"12%\"><span style=\"color: #000000;\">\u00a0<\/span><\/td>\n<\/tr>\n<tr>\n<td colspan=\"3\" width=\"100%\"><span style=\"color: #000000;\"><strong>\u00a0<\/strong><strong>CZWARTEK &#8211; 12.02.2026 r.<\/strong><\/span><\/td>\n<\/tr>\n<tr>\n<td width=\"12%\"><span style=\"color: #000000;\"><strong>07:00<\/strong><\/span><\/td>\n<td width=\"74%\"><span style=\"color: #000000;\">\u00a0+ Miros\u0142aw Olszewski (12 greg.)<\/span><\/td>\n<td width=\"12%\"><span style=\"color: #000000;\"><strong>\u00a0<\/strong><\/span><\/td>\n<\/tr>\n<tr>\n<td width=\"12%\"><span style=\"color: #000000;\"><strong>15:15<\/strong><\/span><\/td>\n<td width=\"74%\"><span style=\"color: #000000;\">\u00a0+ Stefania Ol\u0119dzka w 5 rocz. \u015bmierci, Jan Ol\u0119dzki w 20 rocz. \u015bmierci, Ewa Olejnik w 8 rocz. \u015bmierci, Zofia i W\u0142adys\u0142aw Baranowscy<\/span><\/td>\n<td width=\"12%\"><span style=\"color: #000000;\"><strong>\u00a0<\/strong><\/span><\/td>\n<\/tr>\n<tr>\n<td width=\"12%\"><span style=\"color: #000000;\"><strong>17:30<\/strong><\/span><\/td>\n<td width=\"74%\"><span style=\"color: #000000;\">+ Henryk Szydlik w 17 rocz. \u015bmierci, Czes\u0142awa (k) Szydlik<\/span><\/td>\n<td width=\"12%\"><span style=\"color: #000000;\"><strong>\u00a0<\/strong><\/span><\/td>\n<\/tr>\n<tr>\n<td width=\"12%\"><span style=\"color: #000000;\"><strong>Po Mszy \u015bw.<\/strong><\/span><\/td>\n<td width=\"74%\"><span style=\"color: #000000;\"><strong>Nabo\u017ce\u0144stwo za kap\u0142an\u00f3w<\/strong><\/span><\/td>\n<td width=\"12%\"><span style=\"color: #000000;\"><strong>\u00a0<\/strong><\/span><\/td>\n<\/tr>\n<tr>\n<td colspan=\"3\" width=\"100%\"><span style=\"color: #000000;\"><strong>\u00a0<\/strong><strong>\u00a0PI\u0104TEK &#8211; 13.02.2026 r.<\/strong><\/span><\/td>\n<\/tr>\n<tr>\n<td width=\"12%\"><span style=\"color: #000000;\"><strong>07:00<\/strong><\/span><\/td>\n<td width=\"74%\"><span style=\"color: #000000;\">\u00a0+ Miros\u0142aw Olszewski\u00a0 ( 13 greg.)<\/span><\/td>\n<td width=\"12%\"><span style=\"color: #000000;\"><strong>\u00a0<\/strong><\/span><\/td>\n<\/tr>\n<tr>\n<td width=\"12%\"><span style=\"color: #000000;\"><strong>07:00<\/strong><\/span><\/td>\n<td width=\"74%\"><span style=\"color: #000000;\">\u00a0+ Halina Polak w 3 rocz. \u015bmierci<\/span><\/td>\n<td width=\"12%\"><span style=\"color: #000000;\"><strong>\u00a0<\/strong><\/span><\/td>\n<\/tr>\n<tr>\n<td width=\"12%\"><span style=\"color: #000000;\"><strong>14:45<\/strong><\/span><\/td>\n<td width=\"74%\"><span style=\"color: #000000;\"><strong>Nabo\u017ce\u0144stwo do Mi\u0142osierdzia Bo\u017cego<\/strong><\/span><\/td>\n<td width=\"12%\"><span style=\"color: #000000;\"><strong>\u00a0<\/strong><\/span><\/td>\n<\/tr>\n<tr>\n<td width=\"12%\"><span style=\"color: #000000;\"><strong>15:15 <\/strong><\/span><\/td>\n<td width=\"74%\"><span style=\"color: #000000;\">\u00a0+ Andrzej, Apolonia, Eugeniusz Gielert<\/span><\/td>\n<td width=\"12%\"><span style=\"color: #000000;\"><strong>\u00a0<\/strong><\/span><\/td>\n<\/tr>\n<tr>\n<td width=\"12%\"><span style=\"color: #000000;\"><strong>17:30<\/strong><\/span><\/td>\n<td width=\"74%\"><span style=\"color: #000000;\">Dzi\u0119kczynno-b\u0142agalna w 18 urodziny Tomasza\u00a0 z pro\u015bb\u0105 o dary Ducha \u015awi\u0119tego na zbli\u017caj\u0105c\u0105 si\u0119 matur\u0119, opiek\u0119 Matki Bo\u017cej i zdrowie.<\/span><\/td>\n<td width=\"12%\"><span style=\"color: #000000;\"><strong>\u00a0<\/strong><\/span><\/td>\n<\/tr>\n<tr>\n<td colspan=\"3\" width=\"100%\"><span style=\"color: #000000;\"><strong>\u00a0<\/strong><strong>SOBOTA &#8211; 14.02.2026 r.<\/strong><\/span><span style=\"color: #000000;\"><strong>\u015aWI\u0118TYCH CYRYLA I METODEGO, PATRON\u00d3W EUROPY, \u015aWI\u0118TO<\/strong><\/span><\/td>\n<\/tr>\n<tr>\n<td width=\"12%\"><span style=\"color: #000000;\"><strong>07:00<\/strong><\/span><\/td>\n<td width=\"74%\"><span style=\"color: #000000;\">\u00a0+ Miros\u0142aw Olszewski (14greg.)<\/span><\/td>\n<td width=\"12%\"><span style=\"color: #000000;\"><strong>\u00a0<\/strong><\/span><\/td>\n<\/tr>\n<tr>\n<td width=\"12%\"><span style=\"color: #000000;\"><strong>10:00<\/strong><\/span><\/td>\n<td width=\"74%\"><span style=\"color: #000000;\">\u00a0Zbi\u00f3rka Ministrant\u00f3w<\/span><\/td>\n<td width=\"12%\"><span style=\"color: #000000;\"><strong>\u00a0<\/strong><\/span><\/td>\n<\/tr>\n<tr>\n<td width=\"12%\"><span style=\"color: #000000;\"><strong>11:00<\/strong><\/span><\/td>\n<td width=\"74%\"><span style=\"color: #000000;\">\u00a0Zbi\u00f3rka Lektor\u00f3w<\/span><\/td>\n<td width=\"12%\"><span style=\"color: #000000;\"><strong>\u00a0<\/strong><\/span><\/td>\n<\/tr>\n<tr>\n<td width=\"12%\"><span style=\"color: #000000;\"><strong>15:15<\/strong><\/span><\/td>\n<td width=\"74%\"><span style=\"color: #000000;\">\u00a0+ Bo\u017cenna Ho\u0142dy\u0144ska w 1 rocz. \u015bmierci i jej rodzice<\/span><\/td>\n<td width=\"12%\"><span style=\"color: #000000;\"><strong>\u00a0<\/strong><\/span><\/td>\n<\/tr>\n<tr>\n<td width=\"12%\"><span style=\"color: #000000;\"><strong>17:30<\/strong><\/span><\/td>\n<td width=\"74%\"><span style=\"color: #000000;\">\u00a0+ Genowefa 14 rocz. \u015bmierci\u00a0 i Jan Dowgia\u0142\u0142o, Regina i Bronis\u0142aw Turczy\u0144scy<\/span><\/td>\n<td width=\"12%\"><span style=\"color: #000000;\"><strong>\u00a0<\/strong><\/span><\/td>\n<\/tr>\n<tr>\n<td width=\"12%\"><span style=\"color: #000000;\"><strong>17:30<\/strong><\/span><\/td>\n<td width=\"74%\"><span style=\"color: #000000;\">\u00a0+ Jadwiga G\u0142owienka<\/span><\/td>\n<td width=\"12%\"><span style=\"color: #000000;\"><strong>\u00a0<\/strong><\/span><\/td>\n<\/tr>\n<\/tbody>\n<\/table>\n<p><span style=\"color: #000000;\"><strong>\u00a0<\/strong><\/span><\/p>\n","protected":false},"excerpt":{"rendered":"<p>\u00a0 \u00a0V NIEDZIELA &#8211; 08.02.2026 r. 07:00 \u00a0+ Miros\u0142aw Olszewski (8 greg.) \u00a0 08:30 \u00a0+ Apolonia Duszak \u00a0 10:00 \u00a0+ Eugenia i Stanis\u0142aw \u0141yso\u0144 w kolejne rocz. \u015bmierci \u00a0 12:00 \u00a0w intencji Parafian \u00a0 15:15 \u00a0+ Franciszka (k) Edward, Wies\u0142aw\u00a0 G\u0142a\u017cewscyCzes\u0142awa (k), Boles\u0142aw, Andrzej Gru\u017alewscy \u00a0 18:00 \u00a0+ Feliks w 19 rocz. \u015bmierci i \u0141ucja &#8230; <span class=\"more\"><a class=\"more-link\" href=\"http:\/\/milosierdzienagorki.pl\/?p=6153\">Wi\u0119cej&#8230;<\/a><\/span><\/p>\n","protected":false},"author":4,"featured_media":0,"comment_status":"closed","ping_status":"open","sticky":false,"template":"","format":"standard","meta":[],"categories":[103,101],"tags":[],"_links":{"self":[{"href":"http:\/\/milosierdzienagorki.pl\/index.php?rest_route=\/wp\/v2\/posts\/6153"}],"collection":[{"href":"http:\/\/milosierdzienagorki.pl\/index.php?rest_route=\/wp\/v2\/posts"}],"about":[{"href":"http:\/\/milosierdzienagorki.pl\/index.php?rest_route=\/wp\/v2\/types\/post"}],"author":[{"embeddable":true,"href":"http:\/\/milosierdzienagorki.pl\/index.php?rest_route=\/wp\/v2\/users\/4"}],"replies":[{"embeddable":true,"href":"http:\/\/milosierdzienagorki.pl\/index.php?rest_route=%2Fwp%2Fv2%2Fcomments&post=6153"}],"version-history":[{"count":2,"href":"http:\/\/milosierdzienagorki.pl\/index.php?rest_route=\/wp\/v2\/posts\/6153\/revisions"}],"predecessor-version":[{"id":6165,"href":"http:\/\/milosierdzienagorki.pl\/index.php?rest_route=\/wp\/v2\/posts\/6153\/revisions\/6165"}],"wp:attachment":[{"href":"http:\/\/milosierdzienagorki.pl\/index.php?rest_route=%2Fwp%2Fv2%2Fmedia&parent=6153"}],"wp:term":[{"taxonomy":"category","embeddable":true,"href":"http:\/\/milosierdzienagorki.pl\/index.php?rest_route=%2Fwp%2Fv2%2Fcategories&post=6153"},{"taxonomy":"post_tag","embeddable":true,"href":"http:\/\/milosierdzienagorki.pl\/index.php?rest_route=%2Fwp%2Fv2%2Ftags&post=6153"}],"curies":[{"name":"wp","href":"https:\/\/api.w.org\/{rel}","templated":true}]}}