{"id":6140,"date":"2026-02-01T10:22:41","date_gmt":"2026-02-01T09:22:41","guid":{"rendered":"http:\/\/milosierdzienagorki.pl\/?p=6140"},"modified":"2026-02-01T10:22:41","modified_gmt":"2026-02-01T09:22:41","slug":"intencje-1-02-2026r","status":"publish","type":"post","link":"http:\/\/milosierdzienagorki.pl\/?p=6140","title":{"rendered":"INTENCJE &#8211; 1.02.2026r."},"content":{"rendered":"<p><span style=\"color: #000000;\"><strong>\u00a0<\/strong><\/span><\/p>\n<p><span style=\"color: #000000;\"><strong>\u00a0<\/strong><\/span><\/p>\n<table width=\"103%\">\n<tbody>\n<tr>\n<td colspan=\"3\" width=\"100%\"><span style=\"color: #000000;\"><strong>\u00a0<\/strong><strong>IV NIEDZIELA ZWYK\u0141A &#8211; 01.02.2026 r.<\/strong><\/span><\/td>\n<\/tr>\n<tr>\n<td width=\"12%\"><span style=\"color: #000000;\"><strong>7:00<\/strong><\/span><\/td>\n<td width=\"74%\"><span style=\"color: #000000;\">\u00a0+ Miros\u0142aw Olszewski (1 greg.)<\/span><\/td>\n<td width=\"12%\"><span style=\"color: #000000;\">\u00a0<\/span><\/td>\n<\/tr>\n<tr>\n<td width=\"12%\"><span style=\"color: #000000;\"><strong>8:30<\/strong><\/span><\/td>\n<td width=\"74%\"><span style=\"color: #000000;\">\u00a0+ Medard Sielewicz w 3 rocz. \u015bmierci, zmarli z rodziny Sielewicz\u00f3w<\/span><\/td>\n<td width=\"12%\"><span style=\"color: #000000;\">\u00a0<\/span><\/td>\n<\/tr>\n<tr>\n<td width=\"12%\"><span style=\"color: #000000;\"><strong>10:00<\/strong><\/span><\/td>\n<td width=\"74%\"><span style=\"color: #000000;\">\u00a0O Bo\u017ce b\u0142og., dary Ducha \u015awi\u0119tego, opiek\u0119 Matki Bo\u017cej zdrowie dla Marka z okazji urodzin<\/span><\/td>\n<td width=\"12%\"><span style=\"color: #000000;\">\u00a0<\/span><\/td>\n<\/tr>\n<tr>\n<td width=\"12%\"><span style=\"color: #000000;\"><strong>12:00<\/strong><\/span><\/td>\n<td width=\"74%\"><span style=\"color: #000000;\">\u00a0W intencji Panu Bogu wiadomej za wstawiennictwem\u00a0 <\/span><br \/>\n<span style=\"color: #000000;\"> \u015bw. Judy Tadeusza Aposto\u0142a<\/span><\/td>\n<td width=\"12%\"><span style=\"color: #000000;\"><strong>\u00a0<\/strong><\/span><\/td>\n<\/tr>\n<tr>\n<td width=\"12%\"><span style=\"color: #000000;\"><strong>15:15<\/strong><\/span><\/td>\n<td width=\"74%\"><span style=\"color: #000000;\">\u00a0+ Andrzej Korzeniewski w 5 rocz. \u015bmierci<\/span><\/td>\n<td width=\"12%\"><span style=\"color: #000000;\">\u00a0<\/span><\/td>\n<\/tr>\n<tr>\n<td width=\"12%\"><span style=\"color: #000000;\"><strong>18:00<\/strong><\/span><\/td>\n<td width=\"74%\"><span style=\"color: #000000;\">\u00a0+ Jan i Janina Druzic<\/span><\/td>\n<td width=\"12%\"><span style=\"color: #000000;\"><strong>\u00a0<\/strong><\/span><\/td>\n<\/tr>\n<tr>\n<td colspan=\"3\" width=\"100%\"><span style=\"color: #000000;\"><strong>\u00a0<\/strong><strong>PONIEDZIA\u0141EK &#8211; 02.02.2026 r.<\/strong><\/span><\/p>\n<p><span style=\"color: #000000;\"><strong>OFIAROWANIE PA\u0143SKIE, \u015aWI\u0118TO<\/strong><\/span><\/td>\n<\/tr>\n<tr>\n<td width=\"12%\"><span style=\"color: #000000;\"><strong>7:00<\/strong><\/span><\/td>\n<td width=\"74%\"><span style=\"color: #000000;\">\u00a0+ Miros\u0142aw Olszewski (2 greg.)<\/span><\/td>\n<td width=\"12%\"><span style=\"color: #000000;\">\u00a0<\/span><\/td>\n<\/tr>\n<tr>\n<td width=\"12%\"><span style=\"color: #000000;\"><strong>7:00<\/strong><\/span><\/td>\n<td width=\"74%\"><span style=\"color: #000000;\">\u00a0W intencji Panu Bogu wiadomej za wstawiennictwem\u00a0 <\/span><br \/>\n<span style=\"color: #000000;\"> \u015bw. Judy Tadeusza Aposto\u0142a<\/span><\/td>\n<td width=\"12%\"><span style=\"color: #000000;\">\u00a0<\/span><\/td>\n<\/tr>\n<tr>\n<td width=\"12%\"><span style=\"color: #000000;\"><strong>7:00<\/strong><\/span><\/td>\n<td width=\"74%\"><span style=\"color: #000000;\">\u00a0O Bo\u017ce b\u0142og. i \u0142ask\u0119 zdrowia dla Marii, wnuk\u00f3w i prawnuk\u00f3w, oraz o \u0142ask\u0119 nieba dla zmar\u0142ego Bogdana i dziadk\u00f3w<\/span><\/td>\n<td width=\"12%\"><span style=\"color: #000000;\">\u00a0<\/span><\/td>\n<\/tr>\n<tr>\n<td width=\"12%\"><span style=\"color: #000000;\"><strong>15:15<\/strong><\/span><\/td>\n<td width=\"74%\"><span style=\"color: #000000;\">+ Aleksandra w 60 rocz. \u015bmierci, Ludwik w 32 rocz. \u015bmierci<\/span><\/td>\n<td width=\"12%\"><span style=\"color: #000000;\">\u00a0<\/span><\/td>\n<\/tr>\n<tr>\n<td width=\"12%\"><span style=\"color: #000000;\"><strong>17:30<\/strong><\/span><\/td>\n<td width=\"74%\"><span style=\"color: #000000;\">+ Marianna i Szczepan<\/span><\/td>\n<td width=\"12%\"><span style=\"color: #000000;\">\u00a0<\/span><\/td>\n<\/tr>\n<tr>\n<td colspan=\"3\" width=\"100%\"><span style=\"color: #000000;\"><strong>\u00a0<\/strong><strong>WTOREK &#8211; 03.02.2026 r.<\/strong><\/span><\/td>\n<\/tr>\n<tr>\n<td width=\"12%\"><span style=\"color: #000000;\"><strong>7.00<\/strong><\/span><\/td>\n<td width=\"74%\"><span style=\"color: #000000;\">\u00a0+ Miros\u0142aw Olszewski (3 greg.)<\/span><\/td>\n<td width=\"12%\"><span style=\"color: #000000;\">\u00a0<\/span><\/td>\n<\/tr>\n<tr>\n<td width=\"12%\"><span style=\"color: #000000;\"><strong>7:00<\/strong><\/span><\/td>\n<td width=\"74%\"><span style=\"color: #000000;\">\u00a0+ Andrzej Hermanowski\u00a0\u00a0 (Msza \u015bw. popogrzebowa)<\/span><\/td>\n<td width=\"12%\"><span style=\"color: #000000;\">\u00a0<\/span><\/td>\n<\/tr>\n<tr>\n<td width=\"12%\"><span style=\"color: #000000;\"><strong>7:00<\/strong><\/span><\/td>\n<td width=\"74%\"><span style=\"color: #000000;\">\u00a0W intencji Panu Bogu wiadomej za wstawiennictwem\u00a0 <\/span><br \/>\n<span style=\"color: #000000;\"> \u015bw. Judy Tadeusza aposto\u0142a<\/span><\/td>\n<td width=\"12%\"><span style=\"color: #000000;\">\u00a0<\/span><\/td>\n<\/tr>\n<tr>\n<td width=\"12%\"><span style=\"color: #000000;\"><strong>15:15<\/strong><\/span><\/td>\n<td width=\"74%\"><span style=\"color: #000000;\">+ Marian\u00a0 Ibia\u0144ski w 45 rocz. \u015bmierci o \u0142ask\u0119 Nieba<\/span><\/td>\n<td width=\"12%\"><span style=\"color: #000000;\">\u00a0<\/span><\/td>\n<\/tr>\n<tr>\n<td width=\"12%\"><span style=\"color: #000000;\"><strong>17:30<\/strong><\/span><\/td>\n<td width=\"74%\"><span style=\"color: #000000;\">+ Stefan Klimek w 21 rocz. \u015bmierci<\/span><\/td>\n<td width=\"12%\"><span style=\"color: #000000;\"><strong>\u00a0<\/strong><\/span><\/td>\n<\/tr>\n<tr>\n<td colspan=\"3\" width=\"100%\"><span style=\"color: #000000;\"><strong>\u00a0<\/strong><strong>\u015aRODA &#8211; 04.02.2026 r.<\/strong><\/span><\/td>\n<\/tr>\n<tr>\n<td width=\"12%\"><span style=\"color: #000000;\"><strong>7:00<\/strong><\/span><\/td>\n<td width=\"74%\"><span style=\"color: #000000;\">\u00a0+ Miros\u0142aw Olszewski (4 greg.)<\/span><\/td>\n<td width=\"12%\"><span style=\"color: #000000;\">\u00a0<\/span><\/td>\n<\/tr>\n<tr>\n<td width=\"12%\"><span style=\"color: #000000;\"><strong>7:00<\/strong><\/span><\/td>\n<td width=\"74%\"><span style=\"color: #000000;\">\u00a0O Bo\u017ce b\u0142og. i \u0142ask\u0119 zdrowia dla Marii Obolewicz w dniu imienin<\/span><\/td>\n<td width=\"12%\"><span style=\"color: #000000;\">\u00a0<\/span><\/td>\n<\/tr>\n<tr>\n<td width=\"12%\"><span style=\"color: #000000;\"><strong>7:00<\/strong><\/span><\/td>\n<td width=\"74%\"><span style=\"color: #000000;\">\u00a0W intencji Panu Bogu wiadomej za wstawiennictwem\u00a0 <\/span><br \/>\n<span style=\"color: #000000;\"> \u015bw. Judy Tadeusza Aposto\u0142a<\/span><\/td>\n<td width=\"12%\"><span style=\"color: #000000;\">\u00a0<\/span><\/td>\n<\/tr>\n<tr>\n<td width=\"12%\"><span style=\"color: #000000;\"><strong>15:15<\/strong><\/span><\/td>\n<td width=\"74%\"><span style=\"color: #000000;\">\u00a0+ Aleksander i Zofia Potapowicz<\/span><\/td>\n<td width=\"12%\"><span style=\"color: #000000;\">\u00a0<\/span><\/td>\n<\/tr>\n<tr>\n<td width=\"12%\"><span style=\"color: #000000;\"><strong>17:30<\/strong><\/span><\/td>\n<td width=\"74%\"><span style=\"color: #000000;\">\u00a0+ Barbara w 1 rocz. \u015bmierci<\/span><\/td>\n<td width=\"12%\"><span style=\"color: #000000;\">\u00a0<\/span><\/td>\n<\/tr>\n<tr>\n<td width=\"12%\"><span style=\"color: #000000;\"><strong>17:30<\/strong><\/span><\/td>\n<td width=\"74%\"><span style=\"color: #000000;\">\u00a0+ Anna Smoli\u0144ska w 3 rocz. \u015bmierci<\/span><\/td>\n<td width=\"12%\"><span style=\"color: #000000;\">\u00a0<\/span><\/td>\n<\/tr>\n<tr>\n<td width=\"12%\"><span style=\"color: #000000;\"><strong>Po Mszy \u015bw.<\/strong><\/span><\/td>\n<td width=\"74%\"><span style=\"color: #000000;\"><strong>Nabo\u017ce\u0144stwo do M. B. Nieustaj\u0105cej Pomocy<\/strong><\/span><\/td>\n<td width=\"12%\"><span style=\"color: #000000;\">\u00a0<\/span><\/td>\n<\/tr>\n<tr>\n<td colspan=\"3\" width=\"100%\"><span style=\"color: #000000;\"><strong>\u00a0<\/strong><strong>\u00a0<\/strong><strong>CZWARTEK- 05.02.2026 r.<\/strong><\/span><\/p>\n<p><span style=\"color: #000000;\"><strong>\u015aW. AGATY, DZIEWICY I M\u0118CZENNICY, WSPOMNIENIE<\/strong><\/span><\/td>\n<\/tr>\n<tr>\n<td width=\"12%\"><span style=\"color: #000000;\"><strong>7:00<\/strong><\/span><\/td>\n<td width=\"74%\"><span style=\"color: #000000;\">\u00a0+ Miros\u0142aw Olszewski (5 greg.)<\/span><\/td>\n<td width=\"12%\"><span style=\"color: #000000;\"><strong>\u00a0<\/strong><\/span><\/td>\n<\/tr>\n<tr>\n<td width=\"12%\"><span style=\"color: #000000;\"><strong>7:00<\/strong><\/span><\/td>\n<td width=\"74%\"><span style=\"color: #000000;\">\u00a0W intencji Panu Bogu wiadomej za wstawiennictwem\u00a0 <\/span><br \/>\n<span style=\"color: #000000;\"> \u015bw. Judy Tadeusza Aposto\u0142a<\/span><\/td>\n<td width=\"12%\"><span style=\"color: #000000;\"><strong>\u00a0<\/strong><\/span><\/td>\n<\/tr>\n<tr>\n<td width=\"12%\"><span style=\"color: #000000;\"><strong>15:15<\/strong><\/span><\/td>\n<td width=\"74%\"><span style=\"color: #000000;\">\u00a0+ Z rodziny J\u00f3zefiak: Helena w 23 rocz. \u015bmierci, J\u00f3zef w 13 rocz. \u015bmierci, Piotr w 1 rocz. \u015bmierci.<\/span><\/p>\n<p><span style=\"color: #000000;\">\u00a0+ Z rodziny Pi\u0142at: Wac\u0142aw w 21 rocz. \u015bmierci, Witalia w 2 rocz. \u015bmierci<\/span><\/td>\n<td width=\"12%\"><span style=\"color: #000000;\"><strong>\u00a0<\/strong><\/span><\/td>\n<\/tr>\n<tr>\n<td width=\"12%\"><span style=\"color: #000000;\"><strong>17:30<\/strong><\/span><\/td>\n<td width=\"74%\"><span style=\"color: #000000;\">+ Jan Kozakiewicz w 2 rocz.\u00a0 \u015bmierci<\/span><\/td>\n<td width=\"12%\"><span style=\"color: #000000;\"><strong>\u00a0<\/strong><\/span><\/td>\n<\/tr>\n<tr>\n<td width=\"12%\"><span style=\"color: #000000;\"><strong>Po Mszy \u015bw.<\/strong><\/span><\/td>\n<td width=\"74%\"><span style=\"color: #000000;\"><strong>Nabo\u017ce\u0144stwo za kap\u0142an\u00f3w<\/strong><\/span><\/td>\n<td width=\"12%\"><span style=\"color: #000000;\"><strong>\u00a0<\/strong><\/span><\/td>\n<\/tr>\n<tr>\n<td colspan=\"3\" width=\"100%\"><span style=\"color: #000000;\"><strong>\u00a0<\/strong><strong>\u00a0PI\u0104TEK &#8211; 06.02.2026 r.<\/strong><\/span><\/p>\n<p><span style=\"color: #000000;\"><strong>\u015aWI\u0118TYCH PAW\u0141A MIKI I TOWARZYSZY, WSPOMNIENIE <\/strong><\/span><\/p>\n<p><span style=\"color: #000000;\"><strong>PIERWSZY PI\u0104TEK MIESI\u0104CA<\/strong><\/span><\/td>\n<\/tr>\n<tr>\n<td width=\"12%\"><span style=\"color: #000000;\"><strong>7:00<\/strong><\/span><\/td>\n<td width=\"74%\"><span style=\"color: #000000;\">\u00a0+ Miros\u0142aw Olszewski\u00a0 ( 6 greg.)<\/span><\/td>\n<td width=\"12%\"><span style=\"color: #000000;\"><strong>\u00a0<\/strong><\/span><\/td>\n<\/tr>\n<tr>\n<td width=\"12%\"><span style=\"color: #000000;\"><strong>7:00<\/strong><\/span><\/td>\n<td width=\"74%\"><span style=\"color: #000000;\">\u00a0W intencji Panu Bogu wiadomej za wstawiennictwem \u00a0<\/span><br \/>\n<span style=\"color: #000000;\"> \u015bw. Judy Tadeusza Aposto\u0142a<\/span><\/td>\n<td width=\"12%\"><span style=\"color: #000000;\"><strong>\u00a0<\/strong><\/span><\/td>\n<\/tr>\n<tr>\n<td width=\"12%\"><span style=\"color: #000000;\"><strong>7:00<\/strong><\/span><\/td>\n<td width=\"74%\"><span style=\"color: #000000;\">\u00a0Msza \u015bw. w intencji parafian<\/span><\/td>\n<td width=\"12%\"><span style=\"color: #000000;\"><strong>\u00a0<\/strong><\/span><\/td>\n<\/tr>\n<tr>\n<td width=\"12%\"><span style=\"color: #000000;\"><strong>14:45<\/strong><\/span><\/td>\n<td width=\"74%\"><span style=\"color: #000000;\"><strong>Nabo\u017ce\u0144stwo do Mi\u0142osierdzia Bo\u017cego<\/strong><\/span><\/td>\n<td width=\"12%\"><span style=\"color: #000000;\"><strong>\u00a0<\/strong><\/span><\/td>\n<\/tr>\n<tr>\n<td width=\"12%\"><span style=\"color: #000000;\"><strong>15:15 <\/strong><\/span><\/td>\n<td width=\"74%\"><span style=\"color: #000000;\">\u00a0+ Msza \u015bw. zbiorowa do Mi\u0142osierdzia Bo\u017cego<\/span><\/td>\n<td width=\"12%\"><span style=\"color: #000000;\"><strong>\u00a0<\/strong><\/span><\/td>\n<\/tr>\n<tr>\n<td width=\"12%\"><span style=\"color: #000000;\"><strong>17:30<\/strong><\/span><\/td>\n<td width=\"74%\"><span style=\"color: #000000;\">\u00a0+ Romuald Mas\u0142owski w 15 rocz. \u015bmierci<\/span><\/td>\n<td width=\"12%\"><span style=\"color: #000000;\"><strong>\u00a0<\/strong><\/span><\/td>\n<\/tr>\n<tr>\n<td colspan=\"3\" width=\"100%\"><span style=\"color: #000000;\"><strong>\u00a0<\/strong><strong>SOBOTA &#8211; 07.02.2026 r.<\/strong><\/span><\/p>\n<p><span style=\"color: #000000;\"><strong>PIERWSZA SOBOTA MIESI\u0104CA<\/strong><\/span><\/td>\n<\/tr>\n<tr>\n<td width=\"12%\"><span style=\"color: #000000;\"><strong>7:00<\/strong><\/span><\/td>\n<td width=\"74%\"><span style=\"color: #000000;\">\u00a0+ Miros\u0142aw Olszewski (7 greg.)<\/span><\/td>\n<td width=\"12%\"><span style=\"color: #000000;\"><strong>\u00a0<\/strong><\/span><\/td>\n<\/tr>\n<tr>\n<td width=\"12%\"><span style=\"color: #000000;\"><strong>7:00<\/strong><\/span><\/td>\n<td width=\"74%\"><span style=\"color: #000000;\">\u00a0W intencji Panu Bogu wiadomej za wstawiennictwem\u00a0 <\/span><br \/>\n<span style=\"color: #000000;\"> \u015bw. Judy Tadeusza Aposto\u0142a<\/span><\/td>\n<td width=\"12%\"><span style=\"color: #000000;\"><strong>\u00a0<\/strong><\/span><\/td>\n<\/tr>\n<tr>\n<td width=\"12%\"><span style=\"color: #000000;\"><strong>10:00<\/strong><\/span><\/td>\n<td width=\"74%\"><span style=\"color: #000000;\">\u00a0Zbi\u00f3rka Ministrant\u00f3w<\/span><\/td>\n<td width=\"12%\"><span style=\"color: #000000;\"><strong>\u00a0<\/strong><\/span><\/td>\n<\/tr>\n<tr>\n<td width=\"12%\"><span style=\"color: #000000;\"><strong>11:00<\/strong><\/span><\/td>\n<td width=\"74%\"><span style=\"color: #000000;\">\u00a0Zbi\u00f3rka Lektor\u00f3w<\/span><\/td>\n<td width=\"12%\"><span style=\"color: #000000;\"><strong>\u00a0<\/strong><\/span><\/td>\n<\/tr>\n<tr>\n<td width=\"12%\"><span style=\"color: #000000;\"><strong>15:15<\/strong><\/span><\/td>\n<td width=\"74%\"><span style=\"color: #000000;\">\u00a0\u00a0Msza \u015bw. w intencji \u017bywego R\u00f3\u017ca\u0144ca<\/span><\/td>\n<td width=\"12%\"><span style=\"color: #000000;\"><strong>\u00a0<\/strong><\/span><\/td>\n<\/tr>\n<tr>\n<td width=\"12%\"><span style=\"color: #000000;\"><strong>Po Mszy \u015bw. <\/strong><\/span><\/td>\n<td width=\"74%\"><span style=\"color: #000000;\">NABO\u017bE\u0143STWO WYNAGRADZAJ\u0104CE DO NS NMP<\/span><\/td>\n<td width=\"12%\"><span style=\"color: #000000;\"><strong>\u00a0<\/strong><\/span><\/td>\n<\/tr>\n<tr>\n<td width=\"12%\"><span style=\"color: #000000;\"><strong>17:30<\/strong><\/span><\/td>\n<td width=\"74%\"><span style=\"color: #000000;\">\u00a0+ J\u00f3zef Pi\u0144ski w 6 rocz. \u015bmierci, rodzice Ludwik i Stanis\u0142awa<\/span><\/td>\n<td width=\"12%\"><span style=\"color: #000000;\"><strong>\u00a0<\/strong><\/span><\/td>\n<\/tr>\n<tr>\n<td width=\"12%\"><span style=\"color: #000000;\"><strong>17:30<\/strong><\/span><\/td>\n<td width=\"74%\"><span style=\"color: #000000;\">\u00a0+ Jerzy Krakowiecki, Stanis\u0142aw, Andrzej, Krystian \u00a0Jarmowscy<\/span><\/td>\n<td width=\"12%\"><span style=\"color: #000000;\"><strong>\u00a0<\/strong><\/span><\/td>\n<\/tr>\n<\/tbody>\n<\/table>\n<p><span style=\"color: #000000;\"><strong>\u00a0<\/strong><\/span><\/p>\n","protected":false},"excerpt":{"rendered":"<p>\u00a0 \u00a0 \u00a0IV NIEDZIELA ZWYK\u0141A &#8211; 01.02.2026 r. 7:00 \u00a0+ Miros\u0142aw Olszewski (1 greg.) \u00a0 8:30 \u00a0+ Medard Sielewicz w 3 rocz. \u015bmierci, zmarli z rodziny Sielewicz\u00f3w \u00a0 10:00 \u00a0O Bo\u017ce b\u0142og., dary Ducha \u015awi\u0119tego, opiek\u0119 Matki Bo\u017cej zdrowie dla Marka z okazji urodzin \u00a0 12:00 \u00a0W intencji Panu Bogu wiadomej za wstawiennictwem\u00a0 \u015bw. Judy &#8230; <span class=\"more\"><a class=\"more-link\" href=\"http:\/\/milosierdzienagorki.pl\/?p=6140\">Wi\u0119cej&#8230;<\/a><\/span><\/p>\n","protected":false},"author":4,"featured_media":0,"comment_status":"closed","ping_status":"open","sticky":false,"template":"","format":"standard","meta":[],"categories":[103,101],"tags":[],"_links":{"self":[{"href":"http:\/\/milosierdzienagorki.pl\/index.php?rest_route=\/wp\/v2\/posts\/6140"}],"collection":[{"href":"http:\/\/milosierdzienagorki.pl\/index.php?rest_route=\/wp\/v2\/posts"}],"about":[{"href":"http:\/\/milosierdzienagorki.pl\/index.php?rest_route=\/wp\/v2\/types\/post"}],"author":[{"embeddable":true,"href":"http:\/\/milosierdzienagorki.pl\/index.php?rest_route=\/wp\/v2\/users\/4"}],"replies":[{"embeddable":true,"href":"http:\/\/milosierdzienagorki.pl\/index.php?rest_route=%2Fwp%2Fv2%2Fcomments&post=6140"}],"version-history":[{"count":2,"href":"http:\/\/milosierdzienagorki.pl\/index.php?rest_route=\/wp\/v2\/posts\/6140\/revisions"}],"predecessor-version":[{"id":6142,"href":"http:\/\/milosierdzienagorki.pl\/index.php?rest_route=\/wp\/v2\/posts\/6140\/revisions\/6142"}],"wp:attachment":[{"href":"http:\/\/milosierdzienagorki.pl\/index.php?rest_route=%2Fwp%2Fv2%2Fmedia&parent=6140"}],"wp:term":[{"taxonomy":"category","embeddable":true,"href":"http:\/\/milosierdzienagorki.pl\/index.php?rest_route=%2Fwp%2Fv2%2Fcategories&post=6140"},{"taxonomy":"post_tag","embeddable":true,"href":"http:\/\/milosierdzienagorki.pl\/index.php?rest_route=%2Fwp%2Fv2%2Ftags&post=6140"}],"curies":[{"name":"wp","href":"https:\/\/api.w.org\/{rel}","templated":true}]}}