{"id":6124,"date":"2026-01-25T12:59:17","date_gmt":"2026-01-25T11:59:17","guid":{"rendered":"http:\/\/milosierdzienagorki.pl\/?p=6124"},"modified":"2026-01-25T12:59:17","modified_gmt":"2026-01-25T11:59:17","slug":"intencje-25-01-2026r","status":"publish","type":"post","link":"http:\/\/milosierdzienagorki.pl\/?p=6124","title":{"rendered":"INTENCJE &#8211; 25.01.2026r."},"content":{"rendered":"<p><span style=\"color: #000000;\"><strong>\u00a0<\/strong><\/span><\/p>\n<table width=\"103%\">\n<tbody>\n<tr>\n<td colspan=\"3\" width=\"100%\"><span style=\"color: #000000;\"><strong>\u00a0<\/strong><strong>III NIEDZIELA ZWYK\u0141A -25.01.2026r.<\/strong><\/span><\/td>\n<\/tr>\n<tr>\n<td width=\"12%\"><span style=\"color: #000000;\"><strong>7:00<\/strong><\/span><\/td>\n<td width=\"74%\"><span style=\"color: #000000;\">\u00a0+ Leon Roszkowski<\/span><\/td>\n<td width=\"12%\"><span style=\"color: #000000;\">\u00a0<\/span><\/td>\n<\/tr>\n<tr>\n<td width=\"12%\"><span style=\"color: #000000;\"><strong>8:30<\/strong><\/span><\/td>\n<td width=\"74%\"><span style=\"color: #000000;\">\u00a0+Marianna Olszewska (25 greg.)<\/span><\/td>\n<td width=\"12%\"><span style=\"color: #000000;\">\u00a0<\/span><\/td>\n<\/tr>\n<tr>\n<td width=\"12%\"><span style=\"color: #000000;\"><strong>10:00<\/strong><\/span><\/td>\n<td width=\"74%\"><span style=\"color: #000000;\">\u00a0+ Helena i Marian Pokrzywniccy<\/span><\/td>\n<td width=\"12%\"><span style=\"color: #000000;\">\u00a0<\/span><\/td>\n<\/tr>\n<tr>\n<td width=\"12%\"><span style=\"color: #000000;\"><strong>12:00<\/strong><\/span><\/td>\n<td width=\"74%\"><span style=\"color: #000000;\">+ Barbara Siedli\u0144ska<\/span><\/td>\n<td width=\"12%\"><span style=\"color: #000000;\">\u00a0<\/span><\/td>\n<\/tr>\n<tr>\n<td width=\"12%\"><span style=\"color: #000000;\"><strong>15:15<\/strong><\/span><\/td>\n<td width=\"74%\"><span style=\"color: #000000;\">\u00a0O Bo\u017ce b\u0142og. i potrzebne \u0142aski dla Przemys\u0142awa z okazji 24 urodzin<\/span><\/td>\n<td width=\"12%\"><span style=\"color: #000000;\">\u00a0<\/span><\/td>\n<\/tr>\n<tr>\n<td width=\"12%\"><span style=\"color: #000000;\"><strong>18:00<\/strong><\/span><\/td>\n<td width=\"74%\"><span style=\"color: #000000;\">\u00a0Msza \u015bw. zbiorowa za zmar\u0142ych w miesi\u0105cu styczniu<\/span><\/td>\n<td width=\"12%\"><span style=\"color: #000000;\"><strong>\u00a0<\/strong><\/span><\/td>\n<\/tr>\n<tr>\n<td colspan=\"3\" width=\"100%\"><span style=\"color: #000000;\"><strong>\u00a0<\/strong><strong>PONIEDZIA\u0141EK &#8211; 26.01.2026 r.<\/strong><\/span><\/p>\n<p><span style=\"color: #000000;\"><strong>WSPOMNIENIE \u015aW. BISKUP\u00d3W TYMOTEUSZA I TYTUSA<\/strong><\/span><\/td>\n<\/tr>\n<tr>\n<td width=\"12%\"><span style=\"color: #000000;\"><strong>7:00<\/strong><\/span><\/td>\n<td width=\"74%\"><span style=\"color: #000000;\">\u00a0Za \u017cywych i zmar\u0142ych cz\u0142onk\u00f3w Apostolstwa Dobrej\u00a0 \u015amierci<\/span><\/td>\n<td width=\"12%\"><span style=\"color: #000000;\">\u00a0<\/span><\/td>\n<\/tr>\n<tr>\n<td width=\"12%\"><span style=\"color: #000000;\"><strong>7:00 <\/strong><\/span><\/td>\n<td width=\"74%\"><span style=\"color: #000000;\">W intencji parafian<\/span><\/td>\n<td width=\"12%\"><span style=\"color: #000000;\"><strong>\u00a0<\/strong><\/span><\/td>\n<\/tr>\n<tr>\n<td width=\"12%\"><span style=\"color: #000000;\"><strong>15:15<\/strong><\/span><\/td>\n<td width=\"74%\"><span style=\"color: #000000;\">+ Marianna Olszewska (26greg.)<\/span><\/td>\n<td width=\"12%\"><span style=\"color: #000000;\">\u00a0<\/span><\/td>\n<\/tr>\n<tr>\n<td width=\"12%\"><span style=\"color: #000000;\"><strong>17:30<\/strong><\/span><\/td>\n<td width=\"74%\"><span style=\"color: #000000;\">+ Stanis\u0142aw Gwiazda w 15 rocz. \u015bmierci<\/span><\/td>\n<td width=\"12%\"><span style=\"color: #000000;\">\u00a0<\/span><\/td>\n<\/tr>\n<tr>\n<td width=\"12%\"><span style=\"color: #000000;\"><strong>Po Mszy \u015bw.<\/strong><\/span><\/td>\n<td width=\"74%\"><span style=\"color: #000000;\">Rozbieranie choinek, sprz\u0105tanie K-\u0142a<\/span><\/td>\n<td width=\"12%\"><span style=\"color: #000000;\"><strong>\u00a0<\/strong><\/span><\/td>\n<\/tr>\n<tr>\n<td colspan=\"3\" width=\"100%\"><span style=\"color: #000000;\"><strong>\u00a0<\/strong><strong>WTOREK-27.01.2026r.<\/strong><\/span><\/td>\n<\/tr>\n<tr>\n<td width=\"12%\"><span style=\"color: #000000;\"><strong>7:00<\/strong><\/span><\/td>\n<td width=\"74%\"><span style=\"color: #000000;\">+ Wac\u0142aw<\/span><\/td>\n<td width=\"12%\"><span style=\"color: #000000;\">\u00a0<\/span><\/td>\n<\/tr>\n<tr>\n<td width=\"12%\"><span style=\"color: #000000;\"><strong>15:15<\/strong><\/span><\/td>\n<td width=\"74%\"><span style=\"color: #000000;\">+Marianna Olszewska (27 greg.)<\/span><\/td>\n<td width=\"12%\"><span style=\"color: #000000;\">\u00a0<\/span><\/td>\n<\/tr>\n<tr>\n<td width=\"12%\"><span style=\"color: #000000;\"><strong>17:30<\/strong><\/span><\/td>\n<td width=\"74%\"><span style=\"color: #000000;\">+ Zofia Kaliszewska w 3 rocz. \u015bmierci, Czes\u0142aw i Mieczys\u0142aw z rodziny\u00a0 Kaliszewskich<\/span><\/td>\n<td width=\"12%\"><span style=\"color: #000000;\"><strong>\u00a0<\/strong><\/span><\/td>\n<\/tr>\n<tr>\n<td colspan=\"3\" width=\"100%\"><span style=\"color: #000000;\"><strong>\u00a0<\/strong><strong>\u015aRODA-28.01.2026r.<\/strong><\/span><\/p>\n<p><span style=\"color: #000000;\"><strong>WSPOMNIENIE\u015aW. TOMASZA Z AKWINU,<br \/>\nPREZBITERA I DOKTORA KO\u015aCIO\u0141A<\/strong><\/span><\/td>\n<\/tr>\n<tr>\n<td width=\"12%\"><span style=\"color: #000000;\"><strong>7:00<\/strong><\/span><\/td>\n<td width=\"74%\"><span style=\"color: #000000;\">\u00a0+ Izydor Groth (msza \u015bw. popogrzebowa)<\/span><\/td>\n<td width=\"12%\"><span style=\"color: #000000;\">\u00a0<\/span><\/td>\n<\/tr>\n<tr>\n<td width=\"12%\"><span style=\"color: #000000;\"><strong>15:15<\/strong><\/span><\/td>\n<td width=\"74%\"><span style=\"color: #000000;\">\u00a0+ Marianna Olszewska (28 greg.)<\/span><\/td>\n<td width=\"12%\"><span style=\"color: #000000;\">\u00a0<\/span><\/td>\n<\/tr>\n<tr>\n<td width=\"12%\"><span style=\"color: #000000;\"><strong>17:30<\/strong><\/span><\/td>\n<td width=\"74%\"><span style=\"color: #000000;\">\u00a0+ Henryk Sadowski w 3 rocz. \u015bmierci,Genowefa i Boles\u0142aw<\/span><\/td>\n<td width=\"12%\"><span style=\"color: #000000;\">\u00a0<\/span><\/td>\n<\/tr>\n<tr>\n<td width=\"12%\"><span style=\"color: #000000;\"><strong>17:30<\/strong><\/span><\/td>\n<td width=\"74%\"><span style=\"color: #000000;\">\u00a0O Bo\u017ce b\u0142og, opiek\u0119\u00a0 Matki Bo\u017cek i potrzebne \u0142aski dla Ani z okazji 35 urodzin<\/span><\/td>\n<td width=\"12%\"><span style=\"color: #000000;\">\u00a0<\/span><\/td>\n<\/tr>\n<tr>\n<td width=\"12%\"><span style=\"color: #000000;\"><strong>Po Mszy \u015bw.<\/strong><\/span><\/td>\n<td width=\"74%\"><span style=\"color: #000000;\"><strong>Nabo\u017ce\u0144stwo do M. B. Nieustaj\u0105cej Pomocy<\/strong><\/span><\/td>\n<td width=\"12%\"><span style=\"color: #000000;\">\u00a0<\/span><\/td>\n<\/tr>\n<tr>\n<td colspan=\"3\" width=\"100%\"><span style=\"color: #000000;\"><strong>\u00a0<\/strong><strong>CZWARTEK-29.01.2026 r.<\/strong><\/span><\/td>\n<\/tr>\n<tr>\n<td width=\"12%\"><span style=\"color: #000000;\"><strong>7:00<\/strong><\/span><\/td>\n<td width=\"74%\"><span style=\"color: #000000;\">\u00a0O Bo\u017ce b\u0142og, dla Aleksandry w rocznic\u0119 chrztu \u015bw. i Piotra w rocznic\u0119 urodzin.<\/span><\/p>\n<p><span style=\"color: #000000;\">+ Mieczys\u0142aw \u0141adny w 10 rocz. \u015bmierci i zmarli z rodziny \u0141adny i Hejduk<\/span><\/td>\n<td width=\"12%\"><span style=\"color: #000000;\"><strong>\u00a0<\/strong><\/span><\/td>\n<\/tr>\n<tr>\n<td width=\"12%\"><span style=\"color: #000000;\"><strong>15:15<\/strong><\/span><\/td>\n<td width=\"74%\"><span style=\"color: #000000;\">\u00a0+ Marianna Olszewska (29 greg.)<\/span><\/td>\n<td width=\"12%\"><span style=\"color: #000000;\"><strong>\u00a0<\/strong><\/span><\/td>\n<\/tr>\n<tr>\n<td width=\"12%\"><span style=\"color: #000000;\"><strong>17:30<\/strong><\/span><\/td>\n<td width=\"74%\"><span style=\"color: #000000;\">+ Stanis\u0142aw Tomaszewski<\/span><\/td>\n<td width=\"12%\"><span style=\"color: #000000;\"><strong>\u00a0<\/strong><\/span><\/td>\n<\/tr>\n<tr>\n<td width=\"12%\"><span style=\"color: #000000;\"><strong>17:30<\/strong><\/span><\/td>\n<td width=\"74%\"><span style=\"color: #000000;\">\u00a0O Bo\u017ce b\u0142og. dla cz\u0142onk\u00f3w wsp\u00f3lnoty \u201eSilni Bogiem \u201e oraz ich rodzin<\/span><\/td>\n<td width=\"12%\"><span style=\"color: #000000;\"><strong>\u00a0<\/strong><\/span><\/td>\n<\/tr>\n<tr>\n<td width=\"12%\"><span style=\"color: #000000;\"><strong>Po Mszy \u015bw.<\/strong><\/span><\/td>\n<td width=\"74%\"><span style=\"color: #000000;\"><strong>Nabo\u017ce\u0144stwo za kap\u0142an\u00f3w<\/strong><\/span><\/td>\n<td width=\"12%\"><span style=\"color: #000000;\"><strong>\u00a0<\/strong><\/span><\/td>\n<\/tr>\n<tr>\n<td width=\"12%\"><span style=\"color: #000000;\"><strong>Po Mszy \u015bw.<\/strong><\/span><\/td>\n<td width=\"74%\"><span style=\"color: #000000;\"><strong>Spotkanie wsp\u00f3lnoty Silni Bogiem<\/strong><\/span><\/td>\n<td width=\"12%\"><span style=\"color: #000000;\"><strong>\u00a0<\/strong><\/span><\/td>\n<\/tr>\n<tr>\n<td colspan=\"3\" width=\"100%\"><span style=\"color: #000000;\"><strong>\u00a0<\/strong><strong>\u00a0PI\u0104TEK-30.01.2026r.<\/strong><\/span><\/td>\n<\/tr>\n<tr>\n<td width=\"12%\"><span style=\"color: #000000;\"><strong>7:00<\/strong><\/span><\/td>\n<td width=\"74%\"><span style=\"color: #000000;\">+ Izabela Piotrowska w 26 rocz. \u015bmierci, zmarli zrodziny Piotrowskich i Ponikiewskich<\/span><\/td>\n<td width=\"12%\"><span style=\"color: #000000;\"><strong>\u00a0<\/strong><\/span><\/td>\n<\/tr>\n<tr>\n<td width=\"12%\"><span style=\"color: #000000;\"><strong>7:00<\/strong><\/span><\/td>\n<td width=\"74%\"><span style=\"color: #000000;\">\u00a0W intencji Panu Bogu wiadomej za wstawiennictwem <\/span><br \/>\n<span style=\"color: #000000;\"> \u015bw. Judy Tadeusza Aposto\u0142a<\/span><\/td>\n<td width=\"12%\"><span style=\"color: #000000;\"><strong>\u00a0<\/strong><\/span><\/td>\n<\/tr>\n<tr>\n<td width=\"12%\"><span style=\"color: #000000;\"><strong>14:45<\/strong><\/span><\/td>\n<td width=\"74%\"><span style=\"color: #000000;\"><strong>Nabo\u017ce\u0144stwo do Mi\u0142osierdzia Bo\u017cego<\/strong><\/span><\/td>\n<td width=\"12%\"><span style=\"color: #000000;\"><strong>\u00a0<\/strong><\/span><\/td>\n<\/tr>\n<tr>\n<td width=\"12%\"><span style=\"color: #000000;\"><strong>15:15 <\/strong><\/span><\/td>\n<td width=\"74%\"><span style=\"color: #000000;\">+ Marianna Olszewska (30 greg.)<\/span><\/td>\n<td width=\"12%\"><span style=\"color: #000000;\"><strong>\u00a0<\/strong><\/span><\/td>\n<\/tr>\n<tr>\n<td width=\"12%\"><span style=\"color: #000000;\"><strong>17:30<\/strong><\/span><\/td>\n<td width=\"74%\"><span style=\"color: #000000;\">+ Czes\u0142aw Parzych w 6 rocz. \u015bmierci<\/span><\/td>\n<td width=\"12%\"><span style=\"color: #000000;\"><strong>\u00a0<\/strong><\/span><\/td>\n<\/tr>\n<tr>\n<td width=\"12%\"><span style=\"color: #000000;\"><strong>17:30<\/strong><\/span><\/td>\n<td width=\"74%\"><span style=\"color: #000000;\">\u00a0+ Julianna i Jan Rosa, Weronika i Jan Charutccy<\/span><\/td>\n<td width=\"12%\"><span style=\"color: #000000;\"><strong>\u00a0<\/strong><\/span><\/td>\n<\/tr>\n<tr>\n<td colspan=\"3\" width=\"100%\"><span style=\"color: #000000;\"><strong>\u00a0<\/strong><strong>SOBOTA -31.01.2026 r.<\/strong><\/span><\/p>\n<p><span style=\"color: #000000;\"><strong>WSPOMNIENIE\u015aW. JANA BOSKO, PREZBITERA<\/strong><\/span><\/td>\n<\/tr>\n<tr>\n<td width=\"12%\"><span style=\"color: #000000;\"><strong>7:00<\/strong><\/span><\/td>\n<td width=\"74%\"><span style=\"color: #000000;\">\u00a0+ Maria Kopaniec w 17 rocz. \u015bmierci,Jerzy Kopaniec, W\u0142adys\u0142aw Dzich<\/span><\/td>\n<td width=\"12%\"><span style=\"color: #000000;\"><strong>\u00a0<\/strong><\/span><\/td>\n<\/tr>\n<tr>\n<td width=\"12%\"><span style=\"color: #000000;\"><strong>7:00<\/strong><\/span><\/td>\n<td width=\"74%\"><span style=\"color: #000000;\">W intencji Panu Bogu wiadomej za wstawiennictwem\u00a0 <\/span><br \/>\n<span style=\"color: #000000;\"> \u015bw. Judy Tadeusza aposto\u0142a<\/span><\/td>\n<td width=\"12%\"><span style=\"color: #000000;\"><strong>\u00a0<\/strong><\/span><\/td>\n<\/tr>\n<tr>\n<td width=\"12%\"><span style=\"color: #000000;\"><strong>15:15<\/strong><\/span><\/td>\n<td width=\"74%\"><span style=\"color: #000000;\">+ Ryszard Bali\u0144ski w 5 rocz. \u015bmierci<\/span><\/td>\n<td width=\"12%\"><span style=\"color: #000000;\"><strong>\u00a0<\/strong><\/span><\/td>\n<\/tr>\n<tr>\n<td width=\"12%\"><span style=\"color: #000000;\"><strong>17:30<\/strong><\/span><\/td>\n<td width=\"74%\"><span style=\"color: #000000;\">\u00a0+ Zofia i Stanis\u0142aw Kaczmarczyk, Marzena i Stanis\u0142aw Kaczmarczyk<\/span><\/td>\n<td width=\"12%\"><span style=\"color: #000000;\"><strong>\u00a0<\/strong><\/span><\/td>\n<\/tr>\n<\/tbody>\n<\/table>\n<p><span style=\"color: #000000;\"><strong>\u00a0<\/strong><\/span><\/p>\n","protected":false},"excerpt":{"rendered":"<p>\u00a0 \u00a0III NIEDZIELA ZWYK\u0141A -25.01.2026r. 7:00 \u00a0+ Leon Roszkowski \u00a0 8:30 \u00a0+Marianna Olszewska (25 greg.) \u00a0 10:00 \u00a0+ Helena i Marian Pokrzywniccy \u00a0 12:00 + Barbara Siedli\u0144ska \u00a0 15:15 \u00a0O Bo\u017ce b\u0142og. i potrzebne \u0142aski dla Przemys\u0142awa z okazji 24 urodzin \u00a0 18:00 \u00a0Msza \u015bw. zbiorowa za zmar\u0142ych w miesi\u0105cu styczniu \u00a0 \u00a0PONIEDZIA\u0141EK &#8211; 26.01.2026 &#8230; <span class=\"more\"><a class=\"more-link\" href=\"http:\/\/milosierdzienagorki.pl\/?p=6124\">Wi\u0119cej&#8230;<\/a><\/span><\/p>\n","protected":false},"author":4,"featured_media":0,"comment_status":"closed","ping_status":"open","sticky":false,"template":"","format":"standard","meta":[],"categories":[103,101],"tags":[],"_links":{"self":[{"href":"http:\/\/milosierdzienagorki.pl\/index.php?rest_route=\/wp\/v2\/posts\/6124"}],"collection":[{"href":"http:\/\/milosierdzienagorki.pl\/index.php?rest_route=\/wp\/v2\/posts"}],"about":[{"href":"http:\/\/milosierdzienagorki.pl\/index.php?rest_route=\/wp\/v2\/types\/post"}],"author":[{"embeddable":true,"href":"http:\/\/milosierdzienagorki.pl\/index.php?rest_route=\/wp\/v2\/users\/4"}],"replies":[{"embeddable":true,"href":"http:\/\/milosierdzienagorki.pl\/index.php?rest_route=%2Fwp%2Fv2%2Fcomments&post=6124"}],"version-history":[{"count":1,"href":"http:\/\/milosierdzienagorki.pl\/index.php?rest_route=\/wp\/v2\/posts\/6124\/revisions"}],"predecessor-version":[{"id":6125,"href":"http:\/\/milosierdzienagorki.pl\/index.php?rest_route=\/wp\/v2\/posts\/6124\/revisions\/6125"}],"wp:attachment":[{"href":"http:\/\/milosierdzienagorki.pl\/index.php?rest_route=%2Fwp%2Fv2%2Fmedia&parent=6124"}],"wp:term":[{"taxonomy":"category","embeddable":true,"href":"http:\/\/milosierdzienagorki.pl\/index.php?rest_route=%2Fwp%2Fv2%2Fcategories&post=6124"},{"taxonomy":"post_tag","embeddable":true,"href":"http:\/\/milosierdzienagorki.pl\/index.php?rest_route=%2Fwp%2Fv2%2Ftags&post=6124"}],"curies":[{"name":"wp","href":"https:\/\/api.w.org\/{rel}","templated":true}]}}