{"id":6112,"date":"2026-01-18T11:32:34","date_gmt":"2026-01-18T10:32:34","guid":{"rendered":"http:\/\/milosierdzienagorki.pl\/?p=6112"},"modified":"2026-01-18T11:32:34","modified_gmt":"2026-01-18T10:32:34","slug":"intencje-18-01-2026r","status":"publish","type":"post","link":"http:\/\/milosierdzienagorki.pl\/?p=6112","title":{"rendered":"INTENCJE &#8211; 18.01.2026r."},"content":{"rendered":"<p><span style=\"color: #000000;\"><strong>\u00a0<\/strong><\/span><\/p>\n<table width=\"103%\">\n<tbody>\n<tr>\n<td colspan=\"3\" width=\"100%\"><span style=\"color: #000000;\"><strong>\u00a0<\/strong><strong>\u00a0II NIEDZIELA ZWYK\u0141A &#8211; 18.01.2026 r.<\/strong><\/span><\/td>\n<\/tr>\n<tr>\n<td width=\"12%\"><span style=\"color: #000000;\"><strong>7:00<\/strong><\/span><\/td>\n<td width=\"74%\"><span style=\"color: #000000;\">O Bo\u017ce b\u0142og. i opiek\u0119 Matki Bo\u017cej, dary Ducha \u015awi\u0119tego dla Piotra i Mateusza z okazji urodzin<\/span><\/td>\n<td width=\"12%\"><span style=\"color: #000000;\">\u00a0<\/span><\/td>\n<\/tr>\n<tr>\n<td width=\"12%\"><span style=\"color: #000000;\"><strong>8:30<\/strong><\/span><\/td>\n<td width=\"74%\"><span style=\"color: #000000;\">+ Marianna Olszewska (18 greg.)<\/span><\/td>\n<td width=\"12%\"><span style=\"color: #000000;\">\u00a0<\/span><\/td>\n<\/tr>\n<tr>\n<td width=\"12%\"><span style=\"color: #000000;\"><strong>10:00<\/strong><\/span><\/td>\n<td width=\"74%\"><span style=\"color: #000000;\">\u00a0O Bo\u017ce b\u0142og., opiek\u0119 Matki Bo\u017cej i dary Ducha \u015awi\u0119tego dla Justyny i Marcina z okazji urodzin<\/span><\/td>\n<td width=\"12%\"><span style=\"color: #000000;\">\u00a0<\/span><\/td>\n<\/tr>\n<tr>\n<td width=\"12%\"><span style=\"color: #000000;\"><strong>12:00<\/strong><\/span><\/td>\n<td width=\"74%\"><span style=\"color: #000000;\">+ Krystyna Jasi\u0144ska w 7 rocz. \u015bmierci, Kazimierz, Jerzy, J\u00f3zef, Jana, Bronis\u0142awa (k) Jasi\u0144skich, Waleria i Bronis\u0142aw Bieleckich\u00a0 \/Chrzest\/<\/span><\/td>\n<td width=\"12%\"><span style=\"color: #000000;\"><strong>\u00a0 <\/strong><\/span><\/td>\n<\/tr>\n<tr>\n<td width=\"12%\"><span style=\"color: #000000;\"><strong>15:15<\/strong><\/span><\/td>\n<td width=\"74%\"><span style=\"color: #000000;\">+ Dobros\u0142awa Gralewska w 2 rocz. \u015bmierci<\/span><\/td>\n<td width=\"12%\"><span style=\"color: #000000;\">\u00a0<\/span><\/td>\n<\/tr>\n<tr>\n<td width=\"12%\"><span style=\"color: #000000;\"><strong>18:00<\/strong><\/span><\/td>\n<td width=\"74%\"><span style=\"color: #000000;\">+ Tadeusz Opiela, Edward Opiela<\/span><\/td>\n<td width=\"12%\"><span style=\"color: #000000;\"><strong>\u00a0<\/strong><\/span><\/td>\n<\/tr>\n<tr>\n<td colspan=\"3\" width=\"100%\"><span style=\"color: #000000;\"><strong>\u00a0<\/strong><strong>PONIEDZIA\u0141EK &#8211; 19.01.2026 r.<\/strong><\/span><\/p>\n<p><span style=\"color: #000000;\"><strong>\u015aW. J\u00d3ZEFA SEBASTIANA PELCZARA, BISKUPA, WSPOMNIENIE<\/strong><\/span><\/td>\n<\/tr>\n<tr>\n<td width=\"12%\"><span style=\"color: #000000;\"><strong>7:00<\/strong><\/span><\/td>\n<td width=\"74%\"><span style=\"color: #000000;\">+ Marek Piwko (msza \u015bw. popogrzebowa)<\/span><\/td>\n<td width=\"12%\"><span style=\"color: #000000;\">\u00a0<\/span><\/td>\n<\/tr>\n<tr>\n<td width=\"12%\"><span style=\"color: #000000;\"><strong>15:15<\/strong><\/span><\/td>\n<td width=\"74%\"><span style=\"color: #000000;\">+ Marianna Olszewska (19 greg.)<\/span><\/td>\n<td width=\"12%\"><span style=\"color: #000000;\">\u00a0<\/span><\/td>\n<\/tr>\n<tr>\n<td width=\"12%\"><span style=\"color: #000000;\"><strong>17:30<\/strong><\/span><\/td>\n<td width=\"74%\"><span style=\"color: #000000;\">\u00a0+ Genowefa i Franciszek B\u0142a\u017cewicz, Bogus\u0142awa Rosa<\/span><\/td>\n<td width=\"12%\"><span style=\"color: #000000;\">\u00a0<\/span><\/td>\n<\/tr>\n<tr>\n<td colspan=\"3\" width=\"100%\"><span style=\"color: #000000;\"><strong>\u00a0<\/strong><strong>WTOREK &#8211; 20.01.2026 r.<\/strong><\/span><\/td>\n<\/tr>\n<tr>\n<td width=\"12%\"><span style=\"color: #000000;\"><strong>7:00<\/strong><\/span><\/td>\n<td width=\"74%\"><span style=\"color: #000000;\">O \u0142ask\u0119 dobrej relacji miedzy rodzicami Tymka i pojednania w rodzinie<\/span><\/td>\n<td width=\"12%\"><span style=\"color: #000000;\">\u00a0<\/span><\/td>\n<\/tr>\n<tr>\n<td width=\"12%\"><span style=\"color: #000000;\"><strong>15:15<\/strong><\/span><\/td>\n<td width=\"74%\"><span style=\"color: #000000;\">+ Marianna Olszewska (20 greg.)<\/span><\/td>\n<td width=\"12%\"><span style=\"color: #000000;\">\u00a0<\/span><\/td>\n<\/tr>\n<tr>\n<td width=\"12%\"><span style=\"color: #000000;\"><strong>17:30<\/strong><\/span><\/td>\n<td width=\"74%\"><span style=\"color: #000000;\">+ \u00a0w int. zmar\u0142ych s\u0105siad\u00f3w z ul. Or\u0142owicza 2<\/span><\/td>\n<td width=\"12%\"><span style=\"color: #000000;\"><strong>\u00a0<\/strong><\/span><\/td>\n<\/tr>\n<tr>\n<td colspan=\"3\" width=\"100%\"><span style=\"color: #000000;\"><strong>\u00a0<\/strong><strong>\u015aRODA &#8211; 21.01.2026 r.<\/strong><\/span><\/p>\n<p><span style=\"color: #000000;\"><strong>\u015aW. AGNIESZKI, DZIEWICY I M\u0118CZENNICY, WSPOMNIENIE, <\/strong><\/span><\/td>\n<\/tr>\n<tr>\n<td width=\"12%\"><span style=\"color: #000000;\"><strong>7:00<\/strong><\/span><\/td>\n<td width=\"74%\"><span style=\"color: #000000;\">O Bo\u017ce b\u0142og. opiek\u0119 Matki Bo\u017cej i \u00a0zdrowie dla Ewy, Paw\u0142a i Hani<\/span><\/td>\n<td width=\"12%\"><span style=\"color: #000000;\">\u00a0<\/span><\/td>\n<\/tr>\n<tr>\n<td width=\"12%\"><span style=\"color: #000000;\"><strong>15:15<\/strong><\/span><\/td>\n<td width=\"74%\"><span style=\"color: #000000;\">+ Marianna Olszewska (21 greg.)<\/span><\/td>\n<td width=\"12%\"><span style=\"color: #000000;\">\u00a0<\/span><\/td>\n<\/tr>\n<tr>\n<td width=\"12%\"><span style=\"color: #000000;\"><strong>17:30<\/strong><\/span><\/td>\n<td width=\"74%\"><span style=\"color: #000000;\">O Bo\u017ce b\u0142og., opiek\u0119 Matki Bo\u017cej i wszelkie potrzebne \u0142aski\u00a0 dla Agnieszki i jej rodziny<\/span><\/td>\n<td width=\"12%\"><span style=\"color: #000000;\">\u00a0<\/span><\/td>\n<\/tr>\n<tr>\n<td width=\"12%\"><span style=\"color: #000000;\"><strong>Po Mszy \u015bw.<\/strong><\/span><\/td>\n<td width=\"74%\"><span style=\"color: #000000;\"><strong>Nabo\u017ce\u0144stwo do M. B. Nieustaj\u0105cej Pomocy<\/strong><\/span><\/td>\n<td width=\"12%\"><span style=\"color: #000000;\">\u00a0<\/span><\/td>\n<\/tr>\n<tr>\n<td colspan=\"3\" width=\"100%\"><span style=\"color: #000000;\"><strong>\u00a0<\/strong><strong>\u00a0<\/strong><strong>\u00a0<\/strong><strong>CZWARTEK &#8211; 22.01.2026 r.<\/strong><\/span><\/td>\n<\/tr>\n<tr>\n<td width=\"12%\"><span style=\"color: #000000;\"><strong>7:00<\/strong><\/span><\/td>\n<td width=\"74%\"><span style=\"color: #000000;\">Msza \u015bw. w int. parafian<\/span><\/td>\n<td width=\"12%\"><span style=\"color: #000000;\"><strong>\u00a0<\/strong><\/span><\/td>\n<\/tr>\n<tr>\n<td width=\"12%\"><span style=\"color: #000000;\"><strong>15:15<\/strong><\/span><\/td>\n<td width=\"74%\"><span style=\"color: #000000;\">+ Marianna Olszewska (22 greg.)<\/span><\/td>\n<td width=\"12%\"><span style=\"color: #000000;\"><strong>\u00a0<\/strong><\/span><\/td>\n<\/tr>\n<tr>\n<td width=\"12%\"><span style=\"color: #000000;\"><strong>17:30<\/strong><\/span><\/td>\n<td width=\"74%\"><span style=\"color: #000000;\">+ Helena M\u0142ynarczyk w 10 rocz. \u015bmierci, Stanis\u0142aw, Jan, Mieczys\u0142aw, Zuzanna ,Stanis\u0142aw<\/span><\/td>\n<td width=\"12%\"><span style=\"color: #000000;\"><strong>\u00a0<\/strong><\/span><\/td>\n<\/tr>\n<tr>\n<td width=\"12%\"><span style=\"color: #000000;\"><strong>Po Mszy \u015bw.<\/strong><\/span><\/td>\n<td width=\"74%\"><span style=\"color: #000000;\"><strong>Nabo\u017ce\u0144stwo za kap\u0142an\u00f3w<\/strong><\/span><\/td>\n<td width=\"12%\"><span style=\"color: #000000;\"><strong>\u00a0<\/strong><\/span><\/td>\n<\/tr>\n<tr>\n<td colspan=\"3\" width=\"100%\"><span style=\"color: #000000;\"><strong>\u00a0<\/strong><strong>\u00a0PI\u0104TEK &#8211; 23.01.2026 r.<\/strong><\/span><\/td>\n<\/tr>\n<tr>\n<td width=\"12%\"><span style=\"color: #000000;\"><strong>7:00<\/strong><\/span><\/td>\n<td width=\"74%\"><span style=\"color: #000000;\">+ Teresa Sajkowska w 4 rocz. \u015bmierci, Maria Sajkowska<\/span><\/td>\n<td width=\"12%\"><span style=\"color: #000000;\"><strong>\u00a0<\/strong><\/span><\/td>\n<\/tr>\n<tr>\n<td width=\"12%\"><span style=\"color: #000000;\"><strong>14:45<\/strong><\/span><\/td>\n<td width=\"74%\"><span style=\"color: #000000;\"><strong>Nabo\u017ce\u0144stwo do Mi\u0142osierdzia Bo\u017cego<\/strong><\/span><\/td>\n<td width=\"12%\"><span style=\"color: #000000;\"><strong>\u00a0<\/strong><\/span><\/td>\n<\/tr>\n<tr>\n<td width=\"12%\"><span style=\"color: #000000;\"><strong>15:15 <\/strong><\/span><\/td>\n<td width=\"74%\"><span style=\"color: #000000;\">+ Marianna Olszewska (23 greg.)<\/span><\/td>\n<td width=\"12%\"><span style=\"color: #000000;\"><strong>\u00a0<\/strong><\/span><\/td>\n<\/tr>\n<tr>\n<td width=\"12%\"><span style=\"color: #000000;\"><strong>17:30<\/strong><\/span><\/td>\n<td width=\"74%\"><span style=\"color: #000000;\">+ Bogus\u0142aw Dubojski w 7 rocz. \u015bmierci<\/span><\/td>\n<td width=\"12%\"><span style=\"color: #000000;\"><strong>\u00a0<\/strong><\/span><\/td>\n<\/tr>\n<tr>\n<td colspan=\"3\" width=\"100%\"><span style=\"color: #000000;\"><strong>\u00a0<\/strong><strong>SOBOTA &#8211; 24.01.2026 r.<\/strong><\/span><\/p>\n<p><span style=\"color: #000000;\"><strong>\u015aW. FRANCISZKA SALEZEGO, BISKUPA, I DOKTORA KO\u015aCIO\u0141A, WSPOMNIENIE<\/strong><\/span><\/td>\n<\/tr>\n<tr>\n<td width=\"12%\"><span style=\"color: #000000;\"><strong>7:00<\/strong><\/span><\/td>\n<td width=\"74%\"><span style=\"color: #000000;\">+ Jan Choroma\u0144ski w 9 rocz. \u015bmierci<\/span><\/td>\n<td width=\"12%\"><span style=\"color: #000000;\"><strong>\u00a0<\/strong><\/span><\/td>\n<\/tr>\n<tr>\n<td width=\"12%\"><span style=\"color: #000000;\"><strong>15:15<\/strong><\/span><\/td>\n<td width=\"74%\"><span style=\"color: #000000;\">+ Marianna Olszewska (24 greg.)<\/span><\/td>\n<td width=\"12%\"><span style=\"color: #000000;\"><strong>\u00a0<\/strong><\/span><\/td>\n<\/tr>\n<tr>\n<td width=\"12%\"><span style=\"color: #000000;\"><strong>17:30<\/strong><\/span><\/td>\n<td width=\"74%\"><span style=\"color: #000000;\">+ Henryka (k) i Lucjan Garczewscy i zmarli rodzice z obojga stron<\/span><\/td>\n<td width=\"12%\"><span style=\"color: #000000;\"><strong>\u00a0<\/strong><\/span><\/td>\n<\/tr>\n<tr>\n<td width=\"12%\"><span style=\"color: #000000;\"><strong>17:30<\/strong><\/span><\/td>\n<td width=\"74%\"><span style=\"color: #000000;\">+ Sabina R\u00f3\u017ca\u0144ska w 1 rocz. \u015bmierci<\/span><\/td>\n<td width=\"12%\"><span style=\"color: #000000;\"><strong>\u00a0<\/strong><\/span><\/td>\n<\/tr>\n<\/tbody>\n<\/table>\n<p><span style=\"color: #000000;\"><strong>\u00a0<\/strong><\/span><\/p>\n","protected":false},"excerpt":{"rendered":"<p>\u00a0 \u00a0\u00a0II NIEDZIELA ZWYK\u0141A &#8211; 18.01.2026 r. 7:00 O Bo\u017ce b\u0142og. i opiek\u0119 Matki Bo\u017cej, dary Ducha \u015awi\u0119tego dla Piotra i Mateusza z okazji urodzin \u00a0 8:30 + Marianna Olszewska (18 greg.) \u00a0 10:00 \u00a0O Bo\u017ce b\u0142og., opiek\u0119 Matki Bo\u017cej i dary Ducha \u015awi\u0119tego dla Justyny i Marcina z okazji urodzin \u00a0 12:00 + Krystyna &#8230; <span class=\"more\"><a class=\"more-link\" href=\"http:\/\/milosierdzienagorki.pl\/?p=6112\">Wi\u0119cej&#8230;<\/a><\/span><\/p>\n","protected":false},"author":4,"featured_media":0,"comment_status":"closed","ping_status":"open","sticky":false,"template":"","format":"standard","meta":[],"categories":[103,101],"tags":[],"_links":{"self":[{"href":"http:\/\/milosierdzienagorki.pl\/index.php?rest_route=\/wp\/v2\/posts\/6112"}],"collection":[{"href":"http:\/\/milosierdzienagorki.pl\/index.php?rest_route=\/wp\/v2\/posts"}],"about":[{"href":"http:\/\/milosierdzienagorki.pl\/index.php?rest_route=\/wp\/v2\/types\/post"}],"author":[{"embeddable":true,"href":"http:\/\/milosierdzienagorki.pl\/index.php?rest_route=\/wp\/v2\/users\/4"}],"replies":[{"embeddable":true,"href":"http:\/\/milosierdzienagorki.pl\/index.php?rest_route=%2Fwp%2Fv2%2Fcomments&post=6112"}],"version-history":[{"count":1,"href":"http:\/\/milosierdzienagorki.pl\/index.php?rest_route=\/wp\/v2\/posts\/6112\/revisions"}],"predecessor-version":[{"id":6113,"href":"http:\/\/milosierdzienagorki.pl\/index.php?rest_route=\/wp\/v2\/posts\/6112\/revisions\/6113"}],"wp:attachment":[{"href":"http:\/\/milosierdzienagorki.pl\/index.php?rest_route=%2Fwp%2Fv2%2Fmedia&parent=6112"}],"wp:term":[{"taxonomy":"category","embeddable":true,"href":"http:\/\/milosierdzienagorki.pl\/index.php?rest_route=%2Fwp%2Fv2%2Fcategories&post=6112"},{"taxonomy":"post_tag","embeddable":true,"href":"http:\/\/milosierdzienagorki.pl\/index.php?rest_route=%2Fwp%2Fv2%2Ftags&post=6112"}],"curies":[{"name":"wp","href":"https:\/\/api.w.org\/{rel}","templated":true}]}}