{"id":6088,"date":"2026-01-10T14:19:35","date_gmt":"2026-01-10T13:19:35","guid":{"rendered":"http:\/\/milosierdzienagorki.pl\/?p=6088"},"modified":"2026-01-10T14:19:35","modified_gmt":"2026-01-10T13:19:35","slug":"intencje-11-01-2026r","status":"publish","type":"post","link":"http:\/\/milosierdzienagorki.pl\/?p=6088","title":{"rendered":"INTENCJE &#8211; 11.01.2026r."},"content":{"rendered":"<p><strong>\u00a0<\/strong><\/p>\n<table width=\"103%\">\n<tbody>\n<tr>\n<td colspan=\"3\" width=\"100%\"><strong>\u00a0NIEDZIELA CHRZTU PA\u0143SKIEGO &#8211; 11.01.2026 r.<\/strong><\/td>\n<\/tr>\n<tr>\n<td width=\"12%\"><strong>7:00<\/strong><\/td>\n<td width=\"74%\">+ Antoni Sieniewicz w 32 rocz. \u015bmierci, zmarli rodzice Olga i Julian i dusze cierpi\u0105ce w czy\u015b\u0107cu<\/td>\n<td width=\"12%\"><\/td>\n<\/tr>\n<tr>\n<td width=\"12%\"><strong>8:30<\/strong><\/td>\n<td width=\"74%\">+ W\u0142odzimierz Bucholski<\/td>\n<td width=\"12%\"><\/td>\n<\/tr>\n<tr>\n<td width=\"12%\"><strong>10:00<\/strong><\/td>\n<td width=\"74%\">+ Krystyna Wojciukiewicz<\/td>\n<td width=\"12%\"><\/td>\n<\/tr>\n<tr>\n<td width=\"12%\"><strong>12:00<\/strong><\/td>\n<td width=\"74%\">\u00a0Msza \u015bw. w intencji parafian \u00a0\/Chrzest\/<\/td>\n<td width=\"12%\"><strong>\u00a0 <\/strong><\/td>\n<\/tr>\n<tr>\n<td width=\"12%\"><strong>15:15<\/strong><\/td>\n<td width=\"74%\">+ Marianna Olszewska (11 greg.)<\/td>\n<td width=\"12%\"><\/td>\n<\/tr>\n<tr>\n<td width=\"12%\"><strong>18:00<\/strong><\/td>\n<td width=\"74%\">+ Janina, Stanis\u0142aw i Pawe\u0142 Kempscy<\/td>\n<td width=\"12%\"><strong>\u00a0<\/strong><\/td>\n<\/tr>\n<tr>\n<td colspan=\"3\" width=\"100%\"><strong>\u00a0PONIEDZIA\u0141EK &#8211; 12.01.2026 r.<\/strong><\/td>\n<\/tr>\n<tr>\n<td width=\"12%\"><strong>7:00<\/strong><\/td>\n<td width=\"74%\">+ Janina i Franciszek, Aniela i Hieronim<\/td>\n<td width=\"12%\"><\/td>\n<\/tr>\n<tr>\n<td width=\"12%\"><strong>15:15<\/strong><\/td>\n<td width=\"74%\">+ Marianna Olszewska (12 greg.)<\/td>\n<td width=\"12%\"><\/td>\n<\/tr>\n<tr>\n<td width=\"12%\"><strong>16:30<\/strong><\/td>\n<td width=\"74%\">Wizyta duszpasterska ul. Barcza 54<\/td>\n<td width=\"12%\"><strong>\u00a0<\/strong><\/td>\n<\/tr>\n<tr>\n<td width=\"12%\"><strong>17:30<\/strong><\/td>\n<td width=\"74%\">+ Jadwiga Astramowicz (int. od wnuczki Eweliny z rodzin\u0105)<\/td>\n<td width=\"12%\"><\/td>\n<\/tr>\n<tr>\n<td colspan=\"3\" width=\"100%\"><strong>\u00a0WTOREK &#8211; 13.01.2026 r.<\/strong><\/td>\n<\/tr>\n<tr>\n<td width=\"12%\"><strong>7:00<\/strong><\/td>\n<td width=\"74%\">+ Irena i Kazimierz Florysiak<\/td>\n<td width=\"12%\"><\/td>\n<\/tr>\n<tr>\n<td width=\"12%\"><strong>7:00<\/strong><\/td>\n<td width=\"74%\">+ Jan Sartanowicz (int. od \u017bywego R\u00f3\u017ca\u0144ca)<\/td>\n<td width=\"12%\"><\/td>\n<\/tr>\n<tr>\n<td width=\"12%\"><strong>15:15<\/strong><\/td>\n<td width=\"74%\">+ Weronika (wspomnienie imienin)<\/td>\n<td width=\"12%\"><\/td>\n<\/tr>\n<tr>\n<td width=\"12%\"><strong>16:30<\/strong><\/td>\n<td width=\"74%\">Wizyta duszpasterska ul. Barcza 56<\/td>\n<td width=\"12%\"><strong>\u00a0<\/strong><\/td>\n<\/tr>\n<tr>\n<td width=\"12%\"><strong>17:30<\/strong><\/td>\n<td width=\"74%\">+ Marianna Olszewska (13 greg.)<\/td>\n<td width=\"12%\"><strong>\u00a0<\/strong><\/td>\n<\/tr>\n<tr>\n<td colspan=\"3\" width=\"100%\"><strong>\u00a0\u015aRODA &#8211; 14.01.2026 r.<\/strong><\/td>\n<\/tr>\n<tr>\n<td width=\"12%\"><strong>7:00<\/strong><\/td>\n<td width=\"74%\">O Bo\u017ce b\u0142og. opiek\u0119 Matki Bo\u017cej i \u00a0zdrowie dla Ireny w 80-te urodziny<\/td>\n<td width=\"12%\"><\/td>\n<\/tr>\n<tr>\n<td width=\"12%\"><strong>15:15<\/strong><\/td>\n<td width=\"74%\">+ Marianna Olszewska (14 greg.)<\/td>\n<td width=\"12%\"><\/td>\n<\/tr>\n<tr>\n<td width=\"12%\"><strong>16:30<\/strong><\/td>\n<td width=\"74%\">Wizyta duszpasterska ul. Barcza 58<\/td>\n<td width=\"12%\"><strong>\u00a0<\/strong><\/td>\n<\/tr>\n<tr>\n<td width=\"12%\"><strong>17:30<\/strong><\/td>\n<td width=\"74%\">+ Tadeusz Pijanowski w 2 rocz. \u015bmierci i zmarli rodzice Janina i Stanis\u0142aw<\/td>\n<td width=\"12%\"><\/td>\n<\/tr>\n<tr>\n<td width=\"12%\"><strong>Po Mszy \u015bw.<\/strong><\/td>\n<td width=\"74%\"><strong>Nabo\u017ce\u0144stwo do M. B. Nieustaj\u0105cej Pomocy<\/strong><\/td>\n<td width=\"12%\"><\/td>\n<\/tr>\n<tr>\n<td colspan=\"3\" width=\"100%\"><strong>\u00a0CZWARTEK &#8211; 15.01.2026 r.<\/strong><\/td>\n<\/tr>\n<tr>\n<td width=\"12%\"><strong>7.00<\/strong><\/td>\n<td width=\"74%\">+ Marian Jo\u0144czyk<\/td>\n<td width=\"12%\"><strong>\u00a0<\/strong><\/td>\n<\/tr>\n<tr>\n<td width=\"12%\"><strong>15:15<\/strong><\/td>\n<td width=\"74%\">+ Marianna Olszewska (15 greg)<\/td>\n<td width=\"12%\"><strong>\u00a0<\/strong><\/td>\n<\/tr>\n<tr>\n<td width=\"12%\"><strong>16:30<\/strong><\/td>\n<td width=\"74%\">Wizyta duszpasterska ul. Barcza 38<\/td>\n<td width=\"12%\"><strong>\u00a0<\/strong><\/td>\n<\/tr>\n<tr>\n<td width=\"12%\"><strong>17:30<\/strong><\/td>\n<td width=\"74%\">+ Kazimierz i J\u00f3zefa Ludwi\u0144scy, Kazimiera (k) i\u00a0 Julian, Jaros\u0142aw Jakubik<\/td>\n<td width=\"12%\"><strong>\u00a0<\/strong><\/td>\n<\/tr>\n<tr>\n<td width=\"12%\"><strong>Po Mszy \u015bw.<\/strong><\/td>\n<td width=\"74%\"><strong>Nabo\u017ce\u0144stwo za kap\u0142an\u00f3w<\/strong><\/td>\n<td width=\"12%\"><strong>\u00a0<\/strong><\/td>\n<\/tr>\n<tr>\n<td colspan=\"3\" width=\"100%\"><strong>\u00a0\u00a0 PI\u0104TEK &#8211; 16.01.2026 r. <\/strong><\/td>\n<\/tr>\n<tr>\n<td width=\"12%\"><strong>7:00<\/strong><\/td>\n<td width=\"74%\">\u00a0+ Maria El\u017cbieta Zaremba w 1 rocz. \u015bmierci, \u00a0Hanc Artur Zaremba<\/td>\n<td width=\"12%\"><strong>\u00a0<\/strong><\/td>\n<\/tr>\n<tr>\n<td width=\"12%\"><strong>14:45<\/strong><\/td>\n<td width=\"74%\"><strong>Nabo\u017ce\u0144stwo do Mi\u0142osierdzia Bo\u017cego<\/strong><\/td>\n<td width=\"12%\"><strong>\u00a0<\/strong><\/td>\n<\/tr>\n<tr>\n<td width=\"12%\"><strong>15:15 <\/strong><\/td>\n<td width=\"74%\">\u00a0+ Marianna Olszewska (16 greg.)<\/td>\n<td width=\"12%\"><strong>\u00a0<\/strong><\/td>\n<\/tr>\n<tr>\n<td width=\"12%\"><strong>16:30<\/strong><\/td>\n<td width=\"74%\">Wizyta duszpasterska ul. Barcza 40<\/td>\n<td width=\"12%\"><strong>\u00a0<\/strong><\/td>\n<\/tr>\n<tr>\n<td width=\"12%\"><strong>17:30<\/strong><\/td>\n<td width=\"74%\">\u00a0+ Henryk Jaroszewski w 10 rocz. \u015bmierci<\/td>\n<td width=\"12%\"><strong>\u00a0<\/strong><\/td>\n<\/tr>\n<tr>\n<td colspan=\"3\" width=\"100%\"><strong>\u00a0SOBOTA &#8211; 17.01.2026 r.<\/strong><\/p>\n<p><strong>\u015aW. ANTONIEGO, OPATA \u2013 WSPOMNIENIE OBOWI\u0104ZKOWE<\/strong><\/td>\n<\/tr>\n<tr>\n<td width=\"12%\"><strong>7:00<\/strong><\/td>\n<td width=\"74%\">+ Mieczys\u0142aw Napieraj w 2 rocz. \u015bmierci<\/td>\n<td width=\"12%\"><strong>\u00a0<\/strong><\/td>\n<\/tr>\n<tr>\n<td width=\"12%\"><strong>10:00<\/strong><\/td>\n<td width=\"74%\">Zbi\u00f3rka z ministrantami<\/td>\n<td width=\"12%\"><strong>\u00a0<\/strong><\/td>\n<\/tr>\n<tr>\n<td width=\"12%\"><strong>11:00<\/strong><\/td>\n<td width=\"74%\">Zbi\u00f3rka z lektorami<\/td>\n<td width=\"12%\"><strong>\u00a0<\/strong><\/td>\n<\/tr>\n<tr>\n<td width=\"12%\"><strong>15:15<\/strong><\/td>\n<td width=\"74%\">\u00a0+ Marianna Olszewska (17 greg.)<\/td>\n<td width=\"12%\"><strong>\u00a0<\/strong><\/td>\n<\/tr>\n<tr>\n<td width=\"12%\"><strong>15:15<\/strong><\/td>\n<td width=\"74%\">O poszanowanie \u017cycia ludzkiego od pocz\u0119cia a\u017c do naturalnej \u015bmierci. Dzi\u0119kczynna w 10 rocznic\u0119 nawiedzenia obrazu Matki Bo\u017cej Pompeja\u0144skiej<\/td>\n<td width=\"12%\"><strong>\u00a0<\/strong><\/td>\n<\/tr>\n<tr>\n<td width=\"12%\"><strong>17:30<\/strong><\/td>\n<td width=\"74%\">+ Jan w 40 rocz. \u015bmierci i Wanda w 14 rocz. \u015bmierci \u0141obaczowie, Halina Suszy\u0144ska w 14 rocz. \u015bmierci, Alina Zaremba w 14 rocz. \u015bmierci i Wies\u0142aw Zaremba w 2 rocz. \u015bmierci, Adam Miko\u0142ajczyk w 2 rocz. \u015bmierci<\/td>\n<td width=\"12%\"><strong>\u00a0<\/strong><\/td>\n<\/tr>\n<\/tbody>\n<\/table>\n<p><strong>\u00a0<\/strong><\/p>\n","protected":false},"excerpt":{"rendered":"<p>\u00a0 \u00a0NIEDZIELA CHRZTU PA\u0143SKIEGO &#8211; 11.01.2026 r. 7:00 + Antoni Sieniewicz w 32 rocz. \u015bmierci, zmarli rodzice Olga i Julian i dusze cierpi\u0105ce w czy\u015b\u0107cu 8:30 + W\u0142odzimierz Bucholski 10:00 + Krystyna Wojciukiewicz 12:00 \u00a0Msza \u015bw. w intencji parafian \u00a0\/Chrzest\/ \u00a0 15:15 + Marianna Olszewska (11 greg.) 18:00 + Janina, Stanis\u0142aw i Pawe\u0142 Kempscy \u00a0 &#8230; <span class=\"more\"><a class=\"more-link\" href=\"http:\/\/milosierdzienagorki.pl\/?p=6088\">Wi\u0119cej&#8230;<\/a><\/span><\/p>\n","protected":false},"author":4,"featured_media":0,"comment_status":"closed","ping_status":"open","sticky":false,"template":"","format":"standard","meta":[],"categories":[103,101],"tags":[],"_links":{"self":[{"href":"http:\/\/milosierdzienagorki.pl\/index.php?rest_route=\/wp\/v2\/posts\/6088"}],"collection":[{"href":"http:\/\/milosierdzienagorki.pl\/index.php?rest_route=\/wp\/v2\/posts"}],"about":[{"href":"http:\/\/milosierdzienagorki.pl\/index.php?rest_route=\/wp\/v2\/types\/post"}],"author":[{"embeddable":true,"href":"http:\/\/milosierdzienagorki.pl\/index.php?rest_route=\/wp\/v2\/users\/4"}],"replies":[{"embeddable":true,"href":"http:\/\/milosierdzienagorki.pl\/index.php?rest_route=%2Fwp%2Fv2%2Fcomments&post=6088"}],"version-history":[{"count":1,"href":"http:\/\/milosierdzienagorki.pl\/index.php?rest_route=\/wp\/v2\/posts\/6088\/revisions"}],"predecessor-version":[{"id":6089,"href":"http:\/\/milosierdzienagorki.pl\/index.php?rest_route=\/wp\/v2\/posts\/6088\/revisions\/6089"}],"wp:attachment":[{"href":"http:\/\/milosierdzienagorki.pl\/index.php?rest_route=%2Fwp%2Fv2%2Fmedia&parent=6088"}],"wp:term":[{"taxonomy":"category","embeddable":true,"href":"http:\/\/milosierdzienagorki.pl\/index.php?rest_route=%2Fwp%2Fv2%2Fcategories&post=6088"},{"taxonomy":"post_tag","embeddable":true,"href":"http:\/\/milosierdzienagorki.pl\/index.php?rest_route=%2Fwp%2Fv2%2Ftags&post=6088"}],"curies":[{"name":"wp","href":"https:\/\/api.w.org\/{rel}","templated":true}]}}