{"id":6066,"date":"2025-12-28T19:08:16","date_gmt":"2025-12-28T18:08:16","guid":{"rendered":"http:\/\/milosierdzienagorki.pl\/?p=6066"},"modified":"2025-12-28T19:13:12","modified_gmt":"2025-12-28T18:13:12","slug":"intencje-28-12-2025r","status":"publish","type":"post","link":"http:\/\/milosierdzienagorki.pl\/?p=6066","title":{"rendered":"INTENCJE &#8211; 28.12.2025r."},"content":{"rendered":"<p><span style=\"color: #000000;\"><strong>\u00a0<\/strong><strong>\u00a0<\/strong><\/span><\/p>\n<table width=\"103%\">\n<tbody>\n<tr>\n<td colspan=\"3\" width=\"100%\"><span style=\"color: #000000;\"><strong>\u00a0<\/strong><strong>NIEDZIELA \u2013 \u00a028.12.2025 r.<\/strong><\/span><span style=\"color: #000000;\"><strong>\u015aWI\u0118TO \u015aWI\u0118TEJ RODZINY JEZUSA, MARYII I J\u00d3ZEFA <\/strong><\/span><\/td>\n<\/tr>\n<tr>\n<td width=\"12%\"><span style=\"color: #000000;\"><strong>7:00<\/strong><\/span><\/td>\n<td width=\"74%\"><span style=\"color: #000000;\">+ Julian Kikor w 15 rocz. \u015bmierci, zmarli z rodziny Kikor, S\u0142odkowskich, Witkowskich, Lewandowskich<\/span><\/td>\n<td width=\"12%\"><span style=\"color: #000000;\">\u00a0<\/span><\/td>\n<\/tr>\n<tr>\n<td width=\"12%\"><span style=\"color: #000000;\"><strong>8:30<\/strong><\/span><\/td>\n<td width=\"74%\"><span style=\"color: #000000;\">+ Teodor Chrin w 3 rocz. \u015bmierci, Anna \u0141uczka, Marianna Chrin<\/span><\/td>\n<td width=\"12%\"><span style=\"color: #000000;\">\u00a0<\/span><\/td>\n<\/tr>\n<tr>\n<td width=\"12%\"><span style=\"color: #000000;\"><strong>10:00<\/strong><\/span><\/td>\n<td width=\"74%\"><span style=\"color: #000000;\">+ J\u00f3zef Paw\u0142owski w 9 rocz. \u015bmierci, zmarli z rodziny Rydzewskich i Paw\u0142owskich<\/span><\/td>\n<td width=\"12%\"><span style=\"color: #000000;\">\u00a0<\/span><\/td>\n<\/tr>\n<tr>\n<td width=\"12%\"><span style=\"color: #000000;\"><strong>12:00<\/strong><\/span><\/td>\n<td width=\"74%\"><span style=\"color: #000000;\">\u00a0Msza \u015bw. w intencji parafian (chrzest)<\/span><\/td>\n<td width=\"12%\"><span style=\"color: #000000;\"><strong>\u00a0 <\/strong><\/span><\/td>\n<\/tr>\n<tr>\n<td width=\"12%\"><span style=\"color: #000000;\"><strong>15:15<\/strong><\/span><\/td>\n<td width=\"74%\"><span style=\"color: #000000;\">+ Bogdan Guzowski w 8 rocz. \u015bmierci<\/span><\/td>\n<td width=\"12%\"><span style=\"color: #000000;\">\u00a0<\/span><\/td>\n<\/tr>\n<tr>\n<td width=\"12%\"><span style=\"color: #000000;\"><strong>18:00<\/strong><\/span><\/td>\n<td width=\"74%\"><span style=\"color: #000000;\">Zbiorowa za zmar\u0142ych w miesi\u0105cu grudniu<\/span><\/td>\n<td width=\"12%\"><span style=\"color: #000000;\"><strong>\u00a0<\/strong><\/span><\/td>\n<\/tr>\n<tr>\n<td colspan=\"3\" width=\"100%\"><span style=\"color: #000000;\"><strong>\u00a0<\/strong><strong>PONIEDZIA\u0141EK \u2013 \u00a029.12.2025 r.<\/strong><\/span><span style=\"color: #000000;\"><strong>\u015aW. TOMASZA BECKETA, BISKUPA I M\u0118CZENNIKA<\/strong><\/span><\/td>\n<\/tr>\n<tr>\n<td width=\"12%\"><span style=\"color: #000000;\"><strong>7:00<\/strong><\/span><\/td>\n<td width=\"74%\"><span style=\"color: #000000;\">+ Teresa Zchliwa (msza \u015bwi\u0119ta popogrzebowa)<\/span><\/td>\n<td width=\"12%\"><span style=\"color: #000000;\">\u00a0<\/span><\/td>\n<\/tr>\n<tr>\n<td width=\"12%\"><span style=\"color: #000000;\"><strong>15:15<\/strong><\/span><\/td>\n<td width=\"74%\"><span style=\"color: #000000;\">+ W\u0142adys\u0142awa (k) Wirchanowicz w 23 rocz. \u015bmierci, oby dobry B\u00f3g przyj\u0105\u0142 jej dusz\u0119 do nieba<\/span><\/td>\n<td width=\"12%\"><span style=\"color: #000000;\">\u00a0<\/span><\/td>\n<\/tr>\n<tr>\n<td width=\"12%\"><span style=\"color: #000000;\"><strong>OD 16.30<\/strong><\/span><\/td>\n<td width=\"74%\"><span style=\"color: #000000;\">WIZYTA DUSZPASTERSKA BARCZA 50 N<\/span><\/td>\n<td width=\"12%\"><span style=\"color: #000000;\"><strong>\u00a0<\/strong><\/span><\/td>\n<\/tr>\n<tr>\n<td width=\"12%\"><span style=\"color: #000000;\"><strong>17:30<\/strong><\/span><\/td>\n<td width=\"74%\"><span style=\"color: #000000;\">Msza \u015bwi\u0119ta w intencji \u017cywych i zmar\u0142ych cz\u0142onk\u00f3w Apostolstwa Dobrej \u015awi\u0119ci<\/span><\/td>\n<td width=\"12%\"><span style=\"color: #000000;\">\u00a0<\/span><\/td>\n<\/tr>\n<tr>\n<td colspan=\"3\" width=\"100%\"><span style=\"color: #000000;\"><strong>\u00a0<\/strong><strong>WTOREK \u2013 30.12.2025 r.<\/strong><\/span><\/td>\n<\/tr>\n<tr>\n<td width=\"12%\"><span style=\"color: #000000;\"><strong>7:00<\/strong><\/span><\/td>\n<td width=\"74%\"><span style=\"color: #000000;\">+ Wanda Sosnowska w 14 rocz. \u015bmierci<\/span><\/td>\n<td width=\"12%\"><span style=\"color: #000000;\">\u00a0<\/span><\/td>\n<\/tr>\n<tr>\n<td width=\"12%\"><span style=\"color: #000000;\"><strong>7:00<\/strong><\/span><\/td>\n<td width=\"74%\"><span style=\"color: #000000;\">+ Halina Magdziak (msza \u015bwi\u0119ta popogrzebowa)<\/span><\/td>\n<td width=\"12%\"><span style=\"color: #000000;\">\u00a0<\/span><\/td>\n<\/tr>\n<tr>\n<td width=\"12%\"><span style=\"color: #000000;\"><strong>15:15<\/strong><\/span><\/td>\n<td width=\"74%\"><span style=\"color: #000000;\">+ J\u00f3zef Mazur i zmarli z rodziny Mazur\u00f3w<\/span><\/td>\n<td width=\"12%\"><span style=\"color: #000000;\">\u00a0<\/span><\/td>\n<\/tr>\n<tr>\n<td width=\"12%\"><span style=\"color: #000000;\"><strong>OD 16.30<\/strong><\/span><\/td>\n<td width=\"74%\"><span style=\"color: #000000;\">WIZYTA DUSZPASTERSKA BARCZA 50 M<\/span><\/td>\n<td width=\"12%\"><span style=\"color: #000000;\"><strong>\u00a0<\/strong><\/span><\/td>\n<\/tr>\n<tr>\n<td width=\"12%\"><span style=\"color: #000000;\"><strong>17:30<\/strong><\/span><\/td>\n<td width=\"74%\"><span style=\"color: #000000;\">+ Bogumi\u0142a Jurewicz w 4 rocz. \u015bmierci<\/span><\/td>\n<td width=\"12%\"><span style=\"color: #000000;\"><strong>\u00a0<\/strong><\/span><\/td>\n<\/tr>\n<tr>\n<td colspan=\"3\" width=\"100%\"><span style=\"color: #000000;\"><strong>\u00a0<\/strong><strong>\u015aRODA \u2013 31.12.2025 r.<\/strong><\/span><span style=\"color: #000000;\"><strong>\u015aW. SYLWESTRA I, PAPIE\u017bA<\/strong><\/span><\/td>\n<\/tr>\n<tr>\n<td width=\"12%\"><span style=\"color: #000000;\"><strong>7:00<\/strong><\/span><\/td>\n<td width=\"74%\"><span style=\"color: #000000;\">Dzi\u0119kczynno-b\u0142agalna za prze\u017cyty rok i pro\u015bb\u0105 o Bo\u017ce b\u0142og. na 2026 rok dla rodziny Wach<\/span><\/td>\n<td width=\"12%\"><span style=\"color: #000000;\">\u00a0<\/span><\/td>\n<\/tr>\n<tr>\n<td width=\"12%\"><span style=\"color: #000000;\"><strong>15:15<\/strong><\/span><\/td>\n<td width=\"74%\"><span style=\"color: #000000;\">+ Marian i Tadeusz<\/span><\/td>\n<td width=\"12%\"><span style=\"color: #000000;\">\u00a0<\/span><\/td>\n<\/tr>\n<tr>\n<td width=\"12%\"><span style=\"color: #000000;\"><strong>17:30<\/strong><\/span><\/td>\n<td width=\"74%\"><span style=\"color: #000000;\">+ Tadeusz Sawicki, Grzegorz Sawicki, Anna Sidwa, Tadeusz Sidwa<\/span><\/td>\n<td width=\"12%\"><span style=\"color: #000000;\">\u00a0<\/span><\/td>\n<\/tr>\n<tr>\n<td width=\"12%\"><span style=\"color: #000000;\"><strong>Po Mszy \u015bw.<\/strong><\/span><\/td>\n<td width=\"74%\"><span style=\"color: #000000;\"><strong>NABO\u017bE\u0143STWO DZI\u0118KCZYNNO- PRZEB\u0141AGALNE<\/strong><\/span><\/td>\n<td width=\"12%\"><span style=\"color: #000000;\">\u00a0<\/span><\/td>\n<\/tr>\n<tr>\n<td colspan=\"3\" width=\"100%\"><span style=\"color: #000000;\"><strong>\u00a0<\/strong><strong>\u00a0<\/strong><strong>\u00a0<\/strong><strong>CZWARTEK \u2013 01.01.2026 r.<\/strong><\/span><span style=\"color: #000000;\"><strong>UROCZYSTO\u015a\u0106 \u015aWI\u0118TEJ BO\u017bEJ RODZICIELKI MARYII, <\/strong><\/span><\/p>\n<p><span style=\"color: #000000;\"><strong>\u015aWIATOWY DZIE\u0143 MODLITWY O POK\u00d3J, NOWY ROK<\/strong><\/span><\/td>\n<\/tr>\n<tr>\n<td width=\"12%\"><span style=\"color: #000000;\"><strong>7:00<\/strong><\/span><\/td>\n<td width=\"74%\"><span style=\"color: #000000;\">+ Gerald Szatkowski w 34 rocz. \u015bmierci, zmarli z rodziny Szatkowskich, Karwickich\u00a0 i Gie\u0142a\u017cyn\u00f3w<\/span><\/td>\n<td width=\"12%\"><span style=\"color: #000000;\"><strong>\u00a0<\/strong><\/span><\/td>\n<\/tr>\n<tr>\n<td width=\"12%\"><span style=\"color: #000000;\"><strong>8:30<\/strong><\/span><\/td>\n<td width=\"74%\"><span style=\"color: #000000;\">+ Marianna Olszewska (1 greg.)<\/span><\/td>\n<td width=\"12%\"><span style=\"color: #000000;\"><strong>\u00a0<\/strong><\/span><\/td>\n<\/tr>\n<tr>\n<td width=\"12%\"><span style=\"color: #000000;\"><strong>10:00<\/strong><\/span><\/td>\n<td width=\"74%\"><span style=\"color: #000000;\">+ Edward Chomicz , Sebastian Chomicz, Szymon Chomicz<\/span><\/td>\n<td width=\"12%\"><span style=\"color: #000000;\"><strong>\u00a0<\/strong><\/span><\/td>\n<\/tr>\n<tr>\n<td width=\"12%\"><span style=\"color: #000000;\"><strong>12:00<\/strong><\/span><\/td>\n<td width=\"74%\"><span style=\"color: #000000;\">Dzi\u0119kczynna za ubieg\u0142y rok z pro\u015bb\u0105 o Bo\u017ce B\u0142og. i opiek\u0119 \u015awietej Bo\u017cej Rodzicielki Maryii na nowy rok dla rodziny W\u0105sowskich.<\/span><\/td>\n<td width=\"12%\"><span style=\"color: #000000;\"><strong>\u00a0<\/strong><\/span><\/td>\n<\/tr>\n<tr>\n<td width=\"12%\"><span style=\"color: #000000;\"><strong>15:15<\/strong><\/span><\/td>\n<td width=\"74%\"><span style=\"color: #000000;\">+ J\u00f3zef Van-der Mullen w 21 rocz. \u015bmierci, Katarzyna, Maria Lotar Van-der Mullen<\/span><\/td>\n<td width=\"12%\"><span style=\"color: #000000;\"><strong>\u00a0<\/strong><\/span><\/td>\n<\/tr>\n<tr>\n<td width=\"12%\"><span style=\"color: #000000;\"><strong>18:00<\/strong><\/span><\/td>\n<td width=\"74%\"><span style=\"color: #000000;\">+ Adolf Mochulski w 43 rocz. \u015bmierci, Adela Majewska w 14 rocz. \u015bmierci<\/span><\/td>\n<td width=\"12%\"><span style=\"color: #000000;\"><strong>\u00a0<\/strong><\/span><\/td>\n<\/tr>\n<tr>\n<td colspan=\"3\" width=\"100%\"><span style=\"color: #000000;\"><strong>\u00a0<\/strong><strong>\u00a0PI\u0104TEK \u2013 02.01.2026 r.<\/strong><\/span><span style=\"color: #000000;\"><strong>BAZYLEGO WIELKIEGO I GRZEGORZA Z NAZJANZU, BISKUP\u00d3W I DOKTOR\u00d3W KO\u015aCIO\u0141A, WSPOMNIENIE<\/strong><\/span><\/p>\n<p><span style=\"color: #000000;\"><strong>PIERWSZY PI\u0104TEK MIESI\u0104CA<\/strong><\/span><\/td>\n<\/tr>\n<tr>\n<td width=\"12%\"><span style=\"color: #000000;\"><strong>7:00<\/strong><\/span><\/td>\n<td width=\"74%\"><span style=\"color: #000000;\">\u00a0Za wszystkich kap\u0142an\u00f3w, za kt\u00f3rych modl\u0105 si\u0119 w margaretkach parafianie Mi\u0142osierdzia Bo\u017cego<\/span><\/td>\n<td width=\"12%\"><span style=\"color: #000000;\"><strong>\u00a0<\/strong><\/span><\/td>\n<\/tr>\n<tr>\n<td width=\"12%\"><span style=\"color: #000000;\"><strong>14:45<\/strong><\/span><\/td>\n<td width=\"74%\"><span style=\"color: #000000;\">\u00a0Nabo\u017ce\u0144stwo do Mi\u0142osierdzia Bo\u017cego<\/span><\/td>\n<td width=\"12%\"><span style=\"color: #000000;\"><strong>\u00a0<\/strong><\/span><\/td>\n<\/tr>\n<tr>\n<td width=\"12%\"><span style=\"color: #000000;\"><strong>15:15 <\/strong><\/span><\/td>\n<td width=\"74%\"><span style=\"color: #000000;\">\u00a0Msza \u015bwi\u0119ta zbiorowa do Mi\u0142osierdzia Bo\u017cego<\/span><\/td>\n<td width=\"12%\"><span style=\"color: #000000;\"><strong>\u00a0<\/strong><\/span><\/td>\n<\/tr>\n<tr>\n<td width=\"12%\"><span style=\"color: #000000;\"><strong>17:30<\/strong><\/span><\/td>\n<td width=\"74%\"><span style=\"color: #000000;\">\u00a0+ Marianna Olszewska (2 greg.)<\/span><\/td>\n<td width=\"12%\"><span style=\"color: #000000;\"><strong>\u00a0<\/strong><\/span><\/td>\n<\/tr>\n<tr>\n<td colspan=\"3\" width=\"100%\"><span style=\"color: #000000;\"><strong>\u00a0<\/strong><strong>SOBOTA \u2013 03.01.2026 r.<\/strong><\/span><span style=\"color: #000000;\"><strong> NAJ\u015aWI\u0118TRZEGO IMIENIA JEZUSA<\/strong><\/span><\/p>\n<p><span style=\"color: #000000;\"><strong>PIERWSZA SOBOTA MIESI\u0104CA<\/strong><\/span><\/td>\n<\/tr>\n<tr>\n<td width=\"12%\"><span style=\"color: #000000;\"><strong>7:00<\/strong><\/span><\/td>\n<td width=\"74%\"><span style=\"color: #000000;\">\u00a0+ Janina, Boles\u0142aw, Jan Wojnach<\/span><\/td>\n<td width=\"12%\"><span style=\"color: #000000;\"><strong>\u00a0<\/strong><\/span><\/td>\n<\/tr>\n<tr>\n<td width=\"12%\"><span style=\"color: #000000;\"><strong>7:30<\/strong><\/span><\/td>\n<td width=\"74%\"><span style=\"color: #000000;\">Spotkanie op\u0142atkowe dla wolontariuszy<\/span><\/td>\n<td width=\"12%\"><span style=\"color: #000000;\"><strong>\u00a0<\/strong><\/span><\/td>\n<\/tr>\n<tr>\n<td width=\"12%\"><span style=\"color: #000000;\"><strong>15:15<\/strong><\/span><\/td>\n<td width=\"74%\"><span style=\"color: #000000;\">Msza \u015bw. w int. \u017cywych i zmar\u0142ych cz\u0142onk\u00f3w \u017cywego r\u00f3\u017ca\u0144ca<\/span><\/td>\n<td width=\"12%\"><span style=\"color: #000000;\"><strong>\u00a0<\/strong><\/span><\/td>\n<\/tr>\n<tr>\n<td width=\"12%\"><span style=\"color: #000000;\"><strong>16:30<\/strong><\/span><\/td>\n<td width=\"74%\"><span style=\"color: #000000;\">Spotkanie op\u0142atkowe dla wsp\u00f3lnoty \u017bywego R\u00f3\u017ca\u0144ca<\/span><\/td>\n<td width=\"12%\"><span style=\"color: #000000;\"><strong>\u00a0<\/strong><\/span><\/td>\n<\/tr>\n<tr>\n<td width=\"12%\"><span style=\"color: #000000;\"><strong>17:30<\/strong><\/span><\/td>\n<td width=\"74%\"><span style=\"color: #000000;\">\u00a0+ Marianna Olszewska (3 greg.)<\/span><\/td>\n<td width=\"12%\"><span style=\"color: #000000;\"><strong>\u00a0<\/strong><\/span><\/td>\n<\/tr>\n<tr>\n<td width=\"12%\"><span style=\"color: #000000;\"><strong>17:30<\/strong><\/span><\/td>\n<td width=\"74%\"><span style=\"color: #000000;\">\u00a0+ Stanis\u0142aw Mo\u017cejko w 2 rocz. \u015bmierci<\/span><\/td>\n<td width=\"12%\"><span style=\"color: #000000;\"><strong>\u00a0<\/strong><\/span><\/td>\n<\/tr>\n<\/tbody>\n<\/table>\n<p><span style=\"color: #000000;\"><strong>\u00a0<\/strong><\/span><\/p>\n","protected":false},"excerpt":{"rendered":"<p>\u00a0\u00a0 \u00a0NIEDZIELA \u2013 \u00a028.12.2025 r.\u015aWI\u0118TO \u015aWI\u0118TEJ RODZINY JEZUSA, MARYII I J\u00d3ZEFA 7:00 + Julian Kikor w 15 rocz. \u015bmierci, zmarli z rodziny Kikor, S\u0142odkowskich, Witkowskich, Lewandowskich \u00a0 8:30 + Teodor Chrin w 3 rocz. \u015bmierci, Anna \u0141uczka, Marianna Chrin \u00a0 10:00 + J\u00f3zef Paw\u0142owski w 9 rocz. \u015bmierci, zmarli z rodziny Rydzewskich i Paw\u0142owskich \u00a0 &#8230; <span class=\"more\"><a class=\"more-link\" href=\"http:\/\/milosierdzienagorki.pl\/?p=6066\">Wi\u0119cej&#8230;<\/a><\/span><\/p>\n","protected":false},"author":4,"featured_media":0,"comment_status":"closed","ping_status":"open","sticky":false,"template":"","format":"standard","meta":[],"categories":[103,101],"tags":[],"_links":{"self":[{"href":"http:\/\/milosierdzienagorki.pl\/index.php?rest_route=\/wp\/v2\/posts\/6066"}],"collection":[{"href":"http:\/\/milosierdzienagorki.pl\/index.php?rest_route=\/wp\/v2\/posts"}],"about":[{"href":"http:\/\/milosierdzienagorki.pl\/index.php?rest_route=\/wp\/v2\/types\/post"}],"author":[{"embeddable":true,"href":"http:\/\/milosierdzienagorki.pl\/index.php?rest_route=\/wp\/v2\/users\/4"}],"replies":[{"embeddable":true,"href":"http:\/\/milosierdzienagorki.pl\/index.php?rest_route=%2Fwp%2Fv2%2Fcomments&post=6066"}],"version-history":[{"count":2,"href":"http:\/\/milosierdzienagorki.pl\/index.php?rest_route=\/wp\/v2\/posts\/6066\/revisions"}],"predecessor-version":[{"id":6072,"href":"http:\/\/milosierdzienagorki.pl\/index.php?rest_route=\/wp\/v2\/posts\/6066\/revisions\/6072"}],"wp:attachment":[{"href":"http:\/\/milosierdzienagorki.pl\/index.php?rest_route=%2Fwp%2Fv2%2Fmedia&parent=6066"}],"wp:term":[{"taxonomy":"category","embeddable":true,"href":"http:\/\/milosierdzienagorki.pl\/index.php?rest_route=%2Fwp%2Fv2%2Fcategories&post=6066"},{"taxonomy":"post_tag","embeddable":true,"href":"http:\/\/milosierdzienagorki.pl\/index.php?rest_route=%2Fwp%2Fv2%2Ftags&post=6066"}],"curies":[{"name":"wp","href":"https:\/\/api.w.org\/{rel}","templated":true}]}}