{"id":6061,"date":"2025-12-21T17:36:25","date_gmt":"2025-12-21T16:36:25","guid":{"rendered":"http:\/\/milosierdzienagorki.pl\/?p=6061"},"modified":"2025-12-21T17:36:25","modified_gmt":"2025-12-21T16:36:25","slug":"intencje-21-12-2025r","status":"publish","type":"post","link":"http:\/\/milosierdzienagorki.pl\/?p=6061","title":{"rendered":"INTENCJE &#8211; 21.12.2025r."},"content":{"rendered":"<p><strong>\u00a0<\/strong><strong>\u00a0<\/strong><\/p>\n<table width=\"103%\">\n<tbody>\n<tr>\n<td colspan=\"3\" width=\"100%\"><strong>\u00a0<\/strong><strong>IV NIEDZIELA ADWENTU \u2013 21.12.2025 r.<\/strong><\/td>\n<\/tr>\n<tr>\n<td width=\"12%\"><strong>7:00<\/strong><\/td>\n<td width=\"74%\">Dzi\u0119kczynna za 66 lat \u017cycia Bo\u017ceny z pro\u015bb\u0105 o Bo\u017ce b\u0142ogos\u0142awie\u0144stwo potrzebne \u0142aski dla niej i c\u00f3rek Natali, Anny, Karoliny<\/td>\n<td width=\"12%\"><\/td>\n<\/tr>\n<tr>\n<td width=\"12%\"><strong>8:30<\/strong><\/td>\n<td width=\"74%\">+ Tadeusz Gabry\u015b w 2 rocz. \u015bmierci<\/td>\n<td width=\"12%\"><\/td>\n<\/tr>\n<tr>\n<td width=\"12%\"><strong>10:00<\/strong><\/td>\n<td width=\"74%\">+ Honorata i Miros\u0142aw Kacprzak w 5 rocz. \u015bmierci<\/td>\n<td width=\"12%\"><\/td>\n<\/tr>\n<tr>\n<td width=\"12%\"><strong>12:00<\/strong><\/td>\n<td width=\"74%\">\u00a0Msza \u015bw. w intencji parafian<\/td>\n<td width=\"12%\"><strong>\u00a0 <\/strong><\/td>\n<\/tr>\n<tr>\n<td width=\"12%\"><strong>15:15<\/strong><\/td>\n<td width=\"74%\">O Bo\u017ce b\u0142ogos\u0142awie\u0144stwo, opiek\u0119 Matki Bo\u017cej, potrzebne \u0142aski dla Filipa i Maji z okazji 18. urodzin<\/td>\n<td width=\"12%\"><\/td>\n<\/tr>\n<tr>\n<td width=\"12%\"><strong>18:00<\/strong><\/td>\n<td width=\"74%\">\u00a0+ Dorota Kowalewska, \u00a0Leon Kowalewski<\/td>\n<td width=\"12%\"><strong>\u00a0<\/strong><\/td>\n<\/tr>\n<tr>\n<td colspan=\"3\" width=\"100%\"><strong>\u00a0<\/strong><strong>PONIEDZIA\u0141EK \u2013 \u00a022.12.2025 r.<\/strong><\/td>\n<\/tr>\n<tr>\n<td width=\"12%\"><strong>6:30<\/strong><\/td>\n<td width=\"74%\">+ Maria i Micha\u0142 Wasiluk<\/td>\n<td width=\"12%\"><\/td>\n<\/tr>\n<tr>\n<td width=\"12%\"><strong>15:15<\/strong><\/td>\n<td width=\"74%\">+ Franciszek Sobiech, Marian\u00a0 Buczy\u0144ski, Irena Buczy\u0144ska, Stanis\u0142awa (k) i Aleksander Buczy\u0144scy, Marianna i Franciszek Sobiech<\/td>\n<td width=\"12%\"><\/td>\n<\/tr>\n<tr>\n<td width=\"12%\"><strong>16:30<\/strong><\/td>\n<td width=\"74%\">\u00a0Roraty dla dzieci<br \/>\n+ Miros\u0142aw Markowski (intencja od Kasi Kowalskiej i Weroniki Olszewskiej)<\/td>\n<td width=\"12%\"><\/td>\n<\/tr>\n<tr>\n<td width=\"12%\"><strong>17:30<\/strong><\/td>\n<td width=\"74%\">\u00a0+ Helena \u0141adny w 18 rocz. \u015bmierci<\/td>\n<td width=\"12%\"><\/td>\n<\/tr>\n<tr>\n<td colspan=\"3\" width=\"100%\"><strong>\u00a0<\/strong><strong>WTOREK \u2013 23.12.2025 r.<\/strong><\/td>\n<\/tr>\n<tr>\n<td width=\"12%\"><strong>6:30<\/strong><\/td>\n<td width=\"74%\">+ Miros\u0142aw Markowski (intencja od \u017bywego R\u00f3\u017ca\u0144ca i Apostolstwa Dobrej \u015amierci)<\/td>\n<td width=\"12%\"><\/td>\n<\/tr>\n<tr>\n<td width=\"12%\"><strong>15:15<\/strong><\/td>\n<td width=\"74%\">+ Otylia i Marian<\/td>\n<td width=\"12%\"><\/td>\n<\/tr>\n<tr>\n<td width=\"12%\"><strong>17:30<\/strong><\/td>\n<td width=\"74%\">+ Stefan\u00a0 \u017buk w 15 rocz. \u015bmierci i zmarli z rodziny Ciach i \u017buk<\/td>\n<td width=\"12%\"><strong>\u00a0<\/strong><\/td>\n<\/tr>\n<tr>\n<td colspan=\"3\" width=\"100%\"><strong>\u00a0<\/strong><strong>\u015aRODA \u2013 24.12.2025 r.<\/strong><\/p>\n<p><strong>WIGILIA NARODZENIA PA\u0143SKIEGO<\/strong><\/td>\n<\/tr>\n<tr>\n<td width=\"12%\"><strong>6:30<\/strong><\/td>\n<td width=\"74%\">\u00a0+ El\u017cbieta, Sylwia, Sebastian Sajewicz<\/td>\n<td width=\"12%\"><\/td>\n<\/tr>\n<tr>\n<td width=\"12%\"><strong>6:30<\/strong><\/td>\n<td width=\"74%\">\u00a0+ Marianna i W\u0142adys\u0142aw<\/td>\n<td width=\"12%\"><\/td>\n<\/tr>\n<tr>\n<td width=\"12%\"><strong>20:30<\/strong><\/td>\n<td width=\"74%\">\u00a0Kol\u0119dowanie<\/td>\n<td width=\"12%\"><\/td>\n<\/tr>\n<tr>\n<td width=\"12%\"><strong>21:00<\/strong><\/td>\n<td width=\"74%\">Pasterka dla dzieci<\/p>\n<p>O Bo\u017ce b\u0142og. dla Ewy i Paw\u0142a, Adama i Lilianki<\/td>\n<td width=\"12%\"><\/td>\n<\/tr>\n<tr>\n<td width=\"12%\"><strong>23:30<\/strong><\/td>\n<td width=\"74%\">\u00a0Kol\u0119dowanie<\/td>\n<td width=\"12%\"><\/td>\n<\/tr>\n<tr>\n<td width=\"12%\"><strong>24:00<\/strong><\/td>\n<td width=\"74%\">\u00a0Pasterka<\/td>\n<td width=\"12%\"><\/td>\n<\/tr>\n<tr>\n<td colspan=\"3\" width=\"100%\"><strong>\u00a0<\/strong><strong>\u00a0<\/strong><strong>\u00a0<\/strong><strong>CZWARTEK \u2013 25.12.2025 r.<\/strong><\/p>\n<p><strong>NARODZENIE PA\u0143SKIE, UROCZYSTO\u015a\u0106<\/strong><\/td>\n<\/tr>\n<tr>\n<td width=\"12%\"><strong>8:30<\/strong><\/td>\n<td width=\"74%\">\u00a0O Bo\u017ce b\u0142ogos\u0142awie\u0144stwo i opiek\u0119 Matki Bo\u017cej i potrzebne \u0142aski dla Barbary i Miros\u0142awa Nejranowskich z okazji 49 rocz. \u015blubu<\/td>\n<td width=\"12%\"><strong>\u00a0<\/strong><\/td>\n<\/tr>\n<tr>\n<td width=\"12%\"><strong>10:00<\/strong><\/td>\n<td width=\"74%\">+ Bogus\u0142aw Rosa, Genowefa i Franciszek B\u0142a\u017cewicz<\/td>\n<td width=\"12%\"><strong>\u00a0<\/strong><\/td>\n<\/tr>\n<tr>\n<td width=\"12%\"><strong>12:00<\/strong><\/td>\n<td width=\"74%\">\u00a0+ Jan Onoszko w 10 rocz. \u015bmierci<\/td>\n<td width=\"12%\"><strong>\u00a0<\/strong><\/td>\n<\/tr>\n<tr>\n<td width=\"12%\"><strong>15:15<\/strong><\/td>\n<td width=\"74%\">\u00a0+ Ireneusz Ma\u0142kowski w 4 rocz. \u015bmierci<\/td>\n<td width=\"12%\"><strong>\u00a0<\/strong><\/td>\n<\/tr>\n<tr>\n<td width=\"12%\"><strong>18:00<\/strong><\/td>\n<td width=\"74%\">\u00a0+ Franciszek Pollakowski w 16 rocz. \u015bmierci, Marta, J\u00f3zef, Maria, Gertruda, siostra Tobita, Marianna Klimkowska, Wac\u0142aw i Stanis\u0142awa (k) Oleksiak<\/td>\n<td width=\"12%\"><strong>\u00a0<\/strong><\/td>\n<\/tr>\n<tr>\n<td colspan=\"3\" width=\"100%\"><strong>\u00a0<\/strong><strong>\u00a0PI\u0104TEK \u2013 \u00a026.12.2025 r.<\/strong><\/p>\n<p><strong>\u015aW. SZCZEPANA, PIERWSZEGO, M\u0118CZENNIKA, \u015aWI\u0118TO<\/strong><\/td>\n<\/tr>\n<tr>\n<td width=\"12%\"><strong>7:00<\/strong><\/td>\n<td width=\"74%\">\u00a0+ Eugenia , Stanis\u0142aw, Ryszard, zmarli z rodziny Grzyb\u00f3w i Dymerskich<\/td>\n<td width=\"12%\"><strong>\u00a0<\/strong><\/td>\n<\/tr>\n<tr>\n<td width=\"12%\"><strong>8:30<\/strong><\/td>\n<td width=\"74%\">\u00a0Msza \u015bw. w intencji wolontariuszy<\/td>\n<td width=\"12%\"><strong>\u00a0<\/strong><\/td>\n<\/tr>\n<tr>\n<td width=\"12%\"><strong>10:00<\/strong><\/td>\n<td width=\"74%\">\u00a0+ Teresa Multan w 1 rocz. \u015bmierci<\/td>\n<td width=\"12%\"><strong>\u00a0<\/strong><\/td>\n<\/tr>\n<tr>\n<td width=\"12%\"><strong>12:00<\/strong><\/td>\n<td width=\"74%\">\u00a0Dzi\u0119kczynno \u2013b\u0142agalna\u00a0 za 50 lat ma\u0142\u017ce\u0144stwa Teresy i Janusza Salomon\u00a0 z pro\u015bb\u0105 o Bo\u017ce b\u0142ogos\u0142awie\u0144stwo\u00a0 i potrzebne \u0142aski dla nich i ca\u0142ej rodziny (odnowienie przyrzecze\u0144, kl\u0119czniki)<\/td>\n<td width=\"12%\"><strong>\u00a0<\/strong><\/td>\n<\/tr>\n<tr>\n<td width=\"12%\"><strong>15:15<\/strong><\/td>\n<td width=\"74%\">+ Eugeniusz i Regina Lenart<\/td>\n<td width=\"12%\"><strong>\u00a0<\/strong><\/td>\n<\/tr>\n<tr>\n<td width=\"12%\"><strong>18:00<\/strong><\/td>\n<td width=\"74%\">\u00a0+ Apolonia Duszak<\/td>\n<td width=\"12%\"><strong>\u00a0<\/strong><\/td>\n<\/tr>\n<tr>\n<td colspan=\"3\" width=\"100%\"><strong>\u00a0<\/strong><strong>SOBOTA \u2013 \u00a027.12.2025 r.<\/strong><\/p>\n<p><strong>\u015aW. JANA, APOSTO\u0141A I EWANGELISTY, \u015aWI\u0118TO<\/strong><\/td>\n<\/tr>\n<tr>\n<td width=\"12%\"><strong>7:00<\/strong><\/td>\n<td width=\"74%\">\u00a0+ Sabina Strzelczyk w 4 rocz. \u015bmierci (wspomnienie 100 rocznicy urodzin)<\/td>\n<td width=\"12%\"><strong>\u00a0<\/strong><\/td>\n<\/tr>\n<tr>\n<td width=\"12%\"><strong>7.30<\/strong><\/td>\n<td width=\"74%\">Spotkanie op\u0142atkowe dla wolontariuszy<\/td>\n<td width=\"12%\"><strong>\u00a0<\/strong><\/td>\n<\/tr>\n<tr>\n<td width=\"12%\"><strong>15:15<\/strong><\/td>\n<td width=\"74%\">+ Apolonia Gielert w 5 rocz. \u015bmierci<\/td>\n<td width=\"12%\"><strong>\u00a0<\/strong><\/td>\n<\/tr>\n<tr>\n<td width=\"12%\"><strong>16.30<\/strong><\/td>\n<td width=\"74%\">Spotkanie op\u0142atkowe dla wsp\u00f3lnoty \u017bywego R\u00f3\u017ca\u0144ca<\/td>\n<td width=\"12%\"><strong>\u00a0<\/strong><\/td>\n<\/tr>\n<tr>\n<td width=\"12%\"><strong>17:30<\/strong><\/td>\n<td width=\"74%\">\u00a0+ Tomasz Dymper w 20 rocz. \u015bmierci, Bronis\u0142awa (k) i Bronis\u0142aw<\/td>\n<td width=\"12%\"><strong>\u00a0<\/strong><\/td>\n<\/tr>\n<tr>\n<td width=\"12%\"><strong>17:30<\/strong><\/td>\n<td width=\"74%\">\u00a0O g\u0142\u0119bok\u0105 wiar\u0119, b\u0142ogos\u0142awie\u0144stwo Bo\u017ce, opiek\u0119 Matki Bo\u017cej, zdrowie i potrzebne \u0142aski na dalsze lata dla Rafa\u0142a Tomaszewskiego z okazji 50 urodzin<\/td>\n<td width=\"12%\"><strong>\u00a0<\/strong><\/td>\n<\/tr>\n<\/tbody>\n<\/table>\n<p><strong>\u00a0<\/strong><\/p>\n","protected":false},"excerpt":{"rendered":"<p>\u00a0\u00a0 \u00a0IV NIEDZIELA ADWENTU \u2013 21.12.2025 r. 7:00 Dzi\u0119kczynna za 66 lat \u017cycia Bo\u017ceny z pro\u015bb\u0105 o Bo\u017ce b\u0142ogos\u0142awie\u0144stwo potrzebne \u0142aski dla niej i c\u00f3rek Natali, Anny, Karoliny 8:30 + Tadeusz Gabry\u015b w 2 rocz. \u015bmierci 10:00 + Honorata i Miros\u0142aw Kacprzak w 5 rocz. \u015bmierci 12:00 \u00a0Msza \u015bw. w intencji parafian \u00a0 15:15 O &#8230; <span class=\"more\"><a class=\"more-link\" href=\"http:\/\/milosierdzienagorki.pl\/?p=6061\">Wi\u0119cej&#8230;<\/a><\/span><\/p>\n","protected":false},"author":4,"featured_media":0,"comment_status":"closed","ping_status":"open","sticky":false,"template":"","format":"standard","meta":[],"categories":[103,101],"tags":[],"_links":{"self":[{"href":"http:\/\/milosierdzienagorki.pl\/index.php?rest_route=\/wp\/v2\/posts\/6061"}],"collection":[{"href":"http:\/\/milosierdzienagorki.pl\/index.php?rest_route=\/wp\/v2\/posts"}],"about":[{"href":"http:\/\/milosierdzienagorki.pl\/index.php?rest_route=\/wp\/v2\/types\/post"}],"author":[{"embeddable":true,"href":"http:\/\/milosierdzienagorki.pl\/index.php?rest_route=\/wp\/v2\/users\/4"}],"replies":[{"embeddable":true,"href":"http:\/\/milosierdzienagorki.pl\/index.php?rest_route=%2Fwp%2Fv2%2Fcomments&post=6061"}],"version-history":[{"count":1,"href":"http:\/\/milosierdzienagorki.pl\/index.php?rest_route=\/wp\/v2\/posts\/6061\/revisions"}],"predecessor-version":[{"id":6062,"href":"http:\/\/milosierdzienagorki.pl\/index.php?rest_route=\/wp\/v2\/posts\/6061\/revisions\/6062"}],"wp:attachment":[{"href":"http:\/\/milosierdzienagorki.pl\/index.php?rest_route=%2Fwp%2Fv2%2Fmedia&parent=6061"}],"wp:term":[{"taxonomy":"category","embeddable":true,"href":"http:\/\/milosierdzienagorki.pl\/index.php?rest_route=%2Fwp%2Fv2%2Fcategories&post=6061"},{"taxonomy":"post_tag","embeddable":true,"href":"http:\/\/milosierdzienagorki.pl\/index.php?rest_route=%2Fwp%2Fv2%2Ftags&post=6061"}],"curies":[{"name":"wp","href":"https:\/\/api.w.org\/{rel}","templated":true}]}}